{"id":2843,"date":"2024-05-08T21:03:05","date_gmt":"2024-05-09T00:03:05","guid":{"rendered":"https:\/\/noticiasregionais.com.br\/?p=2843"},"modified":"2024-05-08T21:03:07","modified_gmt":"2024-05-09T00:03:07","slug":"traficante-de-drogas-e-preso-com-quase-50-kg-de-maconha-em-florinea","status":"publish","type":"post","link":"https:\/\/noticiasregionais.com.br\/?p=2843","title":{"rendered":"Traficante de drogas \u00e9 preso com quase 50 kg de maconha em Flor\u00ednea"},"content":{"rendered":"\n<p>Um homem foi preso em flagrante na tarde de hoje por tr\u00e1fico de drogas, durante uma opera\u00e7\u00e3o conjunta entre a Pol\u00edcia Rodovi\u00e1ria e o Policiamento Territorial em Flor\u00ednea, interior de S\u00e3o Paulo.<\/p>\n\n\n\n<p>A equipe realizava patrulhamento pela Rodovia Miguel Jubran (SP-333) quando abordou um ve\u00edculo Nissan Versa branco com placas de Governador Valadares (MG) devido a atitude suspeita do condutor. Durante a revista, os policiais encontraram 61 tabletes de maconha escondidos no porta-malas do carro, totalizando 47,82 kg da droga.<\/p>\n\n\n\n<p>O homem foi preso em flagrante e encaminhado \u00e0 Cadeia P\u00fablica de Lut\u00e9cia.<\/p>\n\n\n\n<p><strong>Resultado da opera\u00e7\u00e3o:<\/strong><\/p>\n\n\n\n<ul class=\"wp-block-list\">\n<li>1 homem preso por tr\u00e1fico de drogas;<\/li>\n\n\n\n<li>47,82 kg de maconha apreendidas.<\/li>\n<\/ul>\n\n\n\n<p><strong>A\u00e7\u00f5es como essa demonstram o compromisso da Pol\u00edcia Militar em combater o tr\u00e1fico de drogas e garantir a seguran\u00e7a da popula\u00e7\u00e3o.<\/strong><\/p>\n\n\n\n<p><strong>Informa\u00e7\u00f5es adicionais:<\/strong><\/p>\n\n\n\n<ul class=\"wp-block-list\">\n<li><strong>Data\/Hora:<\/strong> 08\/05\/2024 &#8211; 12h:30min<\/li>\n\n\n\n<li><strong>Local:<\/strong> Flor\u00ednea\/SP &#8211; SP- 333 &#8211; Rodovia Miguel Jubran, km 450,500 &#8211; 1\u00b0 Pel da 3\u00aa Cia do 2\u00b0 BPRv.<\/li>\n<\/ul>\n\n\n\n<figure class=\"wp-block-gallery has-nested-images columns-default is-cropped wp-block-gallery-1 is-layout-flex wp-block-gallery-is-layout-flex\">\n<figure class=\"wp-block-image size-large\"><a href=\"https:\/\/noticiasregionais.com.br\/wp-content\/uploads\/2024\/05\/WhatsApp-Image-2024-05-08-at-15.15.32.jpeg\"><img decoding=\"async\" width=\"1024\" height=\"576\" data-id=\"2844\" src=\"https:\/\/noticiasregionais.com.br\/wp-content\/uploads\/2024\/05\/WhatsApp-Image-2024-05-08-at-15.15.32-1024x576.jpeg\" alt=\"\" class=\"wp-image-2844\" srcset=\"https:\/\/noticiasregionais.com.br\/wp-content\/uploads\/2024\/05\/WhatsApp-Image-2024-05-08-at-15.15.32-1024x576.jpeg 1024w, https:\/\/noticiasregionais.com.br\/wp-content\/uploads\/2024\/05\/WhatsApp-Image-2024-05-08-at-15.15.32-300x169.jpeg 300w, https:\/\/noticiasregionais.com.br\/wp-content\/uploads\/2024\/05\/WhatsApp-Image-2024-05-08-at-15.15.32-768x432.jpeg 768w, https:\/\/noticiasregionais.com.br\/wp-content\/uploads\/2024\/05\/WhatsApp-Image-2024-05-08-at-15.15.32-1536x864.jpeg 1536w, https:\/\/noticiasregionais.com.br\/wp-content\/uploads\/2024\/05\/WhatsApp-Image-2024-05-08-at-15.15.32.jpeg 1599w\" sizes=\"(max-width: 1024px) 100vw, 1024px\" \/><\/a><\/figure>\n\n\n\n<figure class=\"wp-block-image size-large\"><a href=\"https:\/\/noticiasregionais.com.br\/wp-content\/uploads\/2024\/05\/WhatsApp-Image-2024-05-08-at-15.15.34.jpeg\"><img decoding=\"async\" width=\"1024\" height=\"576\" data-id=\"2845\" src=\"https:\/\/noticiasregionais.com.br\/wp-content\/uploads\/2024\/05\/WhatsApp-Image-2024-05-08-at-15.15.34-1024x576.jpeg\" alt=\"\" class=\"wp-image-2845\" srcset=\"https:\/\/noticiasregionais.com.br\/wp-content\/uploads\/2024\/05\/WhatsApp-Image-2024-05-08-at-15.15.34-1024x576.jpeg 1024w, https:\/\/noticiasregionais.com.br\/wp-content\/uploads\/2024\/05\/WhatsApp-Image-2024-05-08-at-15.15.34-300x169.jpeg 300w, https:\/\/noticiasregionais.com.br\/wp-content\/uploads\/2024\/05\/WhatsApp-Image-2024-05-08-at-15.15.34-768x432.jpeg 768w, https:\/\/noticiasregionais.com.br\/wp-content\/uploads\/2024\/05\/WhatsApp-Image-2024-05-08-at-15.15.34-1536x864.jpeg 1536w, https:\/\/noticiasregionais.com.br\/wp-content\/uploads\/2024\/05\/WhatsApp-Image-2024-05-08-at-15.15.34.jpeg 1599w\" sizes=\"(max-width: 1024px) 100vw, 1024px\" \/><\/a><\/figure>\n<\/figure>\n<input type=\"hidden\" id=\"baseurl\" value=\"https:\/\/noticiasregionais.com.br\"><input type=\"hidden\" id=\"audio_nonce\" value=\"533fbb67b1\">","protected":false},"excerpt":{"rendered":"<p>Um homem foi preso em flagrante na tarde de hoje por tr\u00e1fico de drogas, durante uma opera\u00e7\u00e3o conjunta entre a&hellip;<\/p>\n","protected":false},"author":1,"featured_media":2846,"comment_status":"closed","ping_status":"open","sticky":false,"template":"","format":"standard","meta":{"sfsi_plus_gutenberg_text_before_share":"","sfsi_plus_gutenberg_show_text_before_share":"","sfsi_plus_gutenberg_icon_type":"","sfsi_plus_gutenberg_icon_alignemt":"","sfsi_plus_gutenburg_max_per_row":"","footnotes":""},"categories":[6,10,1],"tags":[],"class_list":["post-2843","post","type-post","status-publish","format-standard","has-post-thumbnail","hentry","category-sao_paulo","category-destaques","category-noticias"],"_links":{"self":[{"href":"https:\/\/noticiasregionais.com.br\/index.php?rest_route=\/wp\/v2\/posts\/2843","targetHints":{"allow":["GET"]}}],"collection":[{"href":"https:\/\/noticiasregionais.com.br\/index.php?rest_route=\/wp\/v2\/posts"}],"about":[{"href":"https:\/\/noticiasregionais.com.br\/index.php?rest_route=\/wp\/v2\/types\/post"}],"author":[{"embeddable":true,"href":"https:\/\/noticiasregionais.com.br\/index.php?rest_route=\/wp\/v2\/users\/1"}],"replies":[{"embeddable":true,"href":"https:\/\/noticiasregionais.com.br\/index.php?rest_route=%2Fwp%2Fv2%2Fcomments&post=2843"}],"version-history":[{"count":1,"href":"https:\/\/noticiasregionais.com.br\/index.php?rest_route=\/wp\/v2\/posts\/2843\/revisions"}],"predecessor-version":[{"id":2847,"href":"https:\/\/noticiasregionais.com.br\/index.php?rest_route=\/wp\/v2\/posts\/2843\/revisions\/2847"}],"wp:featuredmedia":[{"embeddable":true,"href":"https:\/\/noticiasregionais.com.br\/index.php?rest_route=\/wp\/v2\/media\/2846"}],"wp:attachment":[{"href":"https:\/\/noticiasregionais.com.br\/index.php?rest_route=%2Fwp%2Fv2%2Fmedia&parent=2843"}],"wp:term":[{"taxonomy":"category","embeddable":true,"href":"https:\/\/noticiasregionais.com.br\/index.php?rest_route=%2Fwp%2Fv2%2Fcategories&post=2843"},{"taxonomy":"post_tag","embeddable":true,"href":"https:\/\/noticiasregionais.com.br\/index.php?rest_route=%2Fwp%2Fv2%2Ftags&post=2843"}],"curies":[{"name":"wp","href":"https:\/\/api.w.org\/{rel}","templated":true}]}}