{"id":2848,"date":"2024-05-08T21:11:08","date_gmt":"2024-05-09T00:11:08","guid":{"rendered":"https:\/\/noticiasregionais.com.br\/?p=2848"},"modified":"2024-05-08T21:11:10","modified_gmt":"2024-05-09T00:11:10","slug":"procuradoria-da-mulher-da-camara-de-ourinhos-realiza-exposicao-no-supermercado-pao-de-acucar","status":"publish","type":"post","link":"https:\/\/noticiasregionais.com.br\/?p=2848","title":{"rendered":"Procuradoria da Mulher da C\u00e2mara de Ourinhos realiza exposi\u00e7\u00e3o no supermercado P\u00e3o de A\u00e7\u00facar."},"content":{"rendered":"\n<p class=\"has-text-align-center\"><strong>Tema da Exposi\u00e7\u00e3o \u201cViol\u00eancia contra a Mulher: o problema tamb\u00e9m \u00e9 Nosso\u201d refor\u00e7a o recado de que o legislativo est\u00e1 atento \u00e0 causa<\/strong><\/p>\n\n\n\n<p>Conhecimento e informa\u00e7\u00e3o s\u00e3o as bases para a conscientiza\u00e7\u00e3o sobre a viol\u00eancia contra a mulher.<\/p>\n\n\n\n<p>Por isso, a Procuradoria da Mulher da C\u00e2mara de Ourinhos idealizou a exposi\u00e7\u00e3o \u201cViol\u00eancia Contra a Mulher: o Problema tamb\u00e9m \u00e9 nosso!\u201d.<\/p>\n\n\n\n<p>A exposi\u00e7\u00e3o itinerante est\u00e1 agora instalada no supermercado P\u00e3o de Ac\u00fa\u00e7ar.<\/p>\n\n\n\n<p>O objetivo da mostra \u00e9 que os visitantes conhe\u00e7am todos os tipos de viol\u00eancia contra a mulher, para que saibam identificar, combater e denunciar.<\/p>\n\n\n<div class=\"wp-block-image\">\n<figure class=\"aligncenter size-full\"><img decoding=\"async\" width=\"902\" height=\"986\" src=\"https:\/\/noticiasregionais.com.br\/wp-content\/uploads\/2024\/05\/WhatsApp-Image-2024-05-07-at-16.54.45.jpeg\" alt=\"\" class=\"wp-image-2850\" srcset=\"https:\/\/noticiasregionais.com.br\/wp-content\/uploads\/2024\/05\/WhatsApp-Image-2024-05-07-at-16.54.45.jpeg 902w, https:\/\/noticiasregionais.com.br\/wp-content\/uploads\/2024\/05\/WhatsApp-Image-2024-05-07-at-16.54.45-274x300.jpeg 274w, https:\/\/noticiasregionais.com.br\/wp-content\/uploads\/2024\/05\/WhatsApp-Image-2024-05-07-at-16.54.45-768x840.jpeg 768w\" sizes=\"(max-width: 902px) 100vw, 902px\" \/><\/figure>\n<\/div><input type=\"hidden\" id=\"baseurl\" value=\"https:\/\/noticiasregionais.com.br\"><input type=\"hidden\" id=\"audio_nonce\" value=\"533fbb67b1\">","protected":false},"excerpt":{"rendered":"<p>Tema da Exposi\u00e7\u00e3o \u201cViol\u00eancia contra a Mulher: o problema tamb\u00e9m \u00e9 Nosso\u201d refor\u00e7a o recado de que o legislativo est\u00e1&hellip;<\/p>\n","protected":false},"author":1,"featured_media":2849,"comment_status":"closed","ping_status":"open","sticky":false,"template":"","format":"standard","meta":{"sfsi_plus_gutenberg_text_before_share":"","sfsi_plus_gutenberg_show_text_before_share":"","sfsi_plus_gutenberg_icon_type":"","sfsi_plus_gutenberg_icon_alignemt":"","sfsi_plus_gutenburg_max_per_row":"","footnotes":""},"categories":[5,10,1],"tags":[],"class_list":["post-2848","post","type-post","status-publish","format-standard","has-post-thumbnail","hentry","category-ourinhos","category-destaques","category-noticias"],"_links":{"self":[{"href":"https:\/\/noticiasregionais.com.br\/index.php?rest_route=\/wp\/v2\/posts\/2848","targetHints":{"allow":["GET"]}}],"collection":[{"href":"https:\/\/noticiasregionais.com.br\/index.php?rest_route=\/wp\/v2\/posts"}],"about":[{"href":"https:\/\/noticiasregionais.com.br\/index.php?rest_route=\/wp\/v2\/types\/post"}],"author":[{"embeddable":true,"href":"https:\/\/noticiasregionais.com.br\/index.php?rest_route=\/wp\/v2\/users\/1"}],"replies":[{"embeddable":true,"href":"https:\/\/noticiasregionais.com.br\/index.php?rest_route=%2Fwp%2Fv2%2Fcomments&post=2848"}],"version-history":[{"count":1,"href":"https:\/\/noticiasregionais.com.br\/index.php?rest_route=\/wp\/v2\/posts\/2848\/revisions"}],"predecessor-version":[{"id":2851,"href":"https:\/\/noticiasregionais.com.br\/index.php?rest_route=\/wp\/v2\/posts\/2848\/revisions\/2851"}],"wp:featuredmedia":[{"embeddable":true,"href":"https:\/\/noticiasregionais.com.br\/index.php?rest_route=\/wp\/v2\/media\/2849"}],"wp:attachment":[{"href":"https:\/\/noticiasregionais.com.br\/index.php?rest_route=%2Fwp%2Fv2%2Fmedia&parent=2848"}],"wp:term":[{"taxonomy":"category","embeddable":true,"href":"https:\/\/noticiasregionais.com.br\/index.php?rest_route=%2Fwp%2Fv2%2Fcategories&post=2848"},{"taxonomy":"post_tag","embeddable":true,"href":"https:\/\/noticiasregionais.com.br\/index.php?rest_route=%2Fwp%2Fv2%2Ftags&post=2848"}],"curies":[{"name":"wp","href":"https:\/\/api.w.org\/{rel}","templated":true}]}}