{"id":286,"date":"2023-09-07T18:16:10","date_gmt":"2023-09-07T21:16:10","guid":{"rendered":"https:\/\/noticiasregionais.com.br\/?p=286"},"modified":"2023-09-07T18:16:11","modified_gmt":"2023-09-07T21:16:11","slug":"sp-deve-receber-21-milhoes-de-turistas-e-movimentar-r-33-bilhoes-no-feriado","status":"publish","type":"post","link":"https:\/\/noticiasregionais.com.br\/?p=286","title":{"rendered":"SP deve receber 2,1 milh\u00f5es de turistas e movimentar R$ 3,3 bilh\u00f5es no feriado"},"content":{"rendered":"\n<p>Os munic\u00edpios tur\u00edsticos paulistas ter\u00e3o grande movimento no feriado prolongado da Independ\u00eancia, de acordo com levantamento do Centro de Intelig\u00eancia da Economia do Turismo do Governo de SP. Os destinos em todas as regi\u00f5es do estado devem receber 2,1 milh\u00f5es de visitantes e movimentar R$ 3,3 bilh\u00f5es entre quinta-feira (7) e domingo (10).<\/p>\n\n\n\n<p>A ocupa\u00e7\u00e3o hoteleira m\u00e9dia prevista \u00e9 de 69% em todo o territ\u00f3rio paulista. O percentual, contudo, pode aumentar nas cidades litor\u00e2neas, com 87% de ocupa\u00e7\u00e3o estimada at\u00e9 o momento. O turismo de lazer no interior e no litoral deve se beneficiar ainda mais com a previs\u00e3o de temperaturas mais elevadas a partir de sexta (8).<\/p>\n\n\n\n<p>\u201cO feriado prolongado viabiliza deslocamentos maiores, deixando o turismo ainda mais aquecido em todo o nosso estado\u201d, afirmou Roberto de Lucena, secret\u00e1rio estadual de Turismo e Viagens.<\/p>\n\n\n\n<p>A regi\u00e3o do Vale do Ribeira, que vem registrando crescimento no fluxo tur\u00edstico em 2023, espera uma m\u00e9dia de 86% na ocupa\u00e7\u00e3o hoteleira em cidades como Canan\u00e9ia, Iguape e Sete Barras.<\/p>\n\n\n\n<p>A capital tamb\u00e9m receber\u00e1 um grande n\u00famero de visitantes, com grandes eventos que ocorrem no final de semana, como o festival The Town que deve reunir cerca de 300 mil pessoas nos pr\u00f3ximos dias.<\/p>\n\n\n\n<p>Outros destinos consolidados, como a cidade de Pereira Barreto e o turismo de pesca, na regi\u00e3o de Ara\u00e7atuba, e o Roteiro do Vinho no munic\u00edpio de S\u00e3o Roque, na regi\u00e3o de Sorocaba, j\u00e1 est\u00e3o com o setor de hospedagem praticamente lotado para o feriado prolongado.<\/p>\n\n\n\n<p>Tamb\u00e9m na regi\u00e3o de Sorocaba, a cidade de Boituva aposta no turismo de aventura e nos passeios de bal\u00f5es para celebrar o anivers\u00e1rio de 86 anos com quatro dias de shows gratuitos. No Vale do Para\u00edba, a cidade de Cunha promove o Festival do Queijo e projeta 80% de ocupa\u00e7\u00e3o hoteleira at\u00e9 o final de semana.<\/p>\n<input type=\"hidden\" id=\"baseurl\" value=\"https:\/\/noticiasregionais.com.br\"><input type=\"hidden\" id=\"audio_nonce\" value=\"533fbb67b1\">","protected":false},"excerpt":{"rendered":"<p>Os munic\u00edpios tur\u00edsticos paulistas ter\u00e3o grande movimento no feriado prolongado da Independ\u00eancia, de acordo com levantamento do Centro de Intelig\u00eancia&hellip;<\/p>\n","protected":false},"author":1,"featured_media":287,"comment_status":"closed","ping_status":"open","sticky":false,"template":"","format":"standard","meta":{"sfsi_plus_gutenberg_text_before_share":"","sfsi_plus_gutenberg_show_text_before_share":"","sfsi_plus_gutenberg_icon_type":"","sfsi_plus_gutenberg_icon_alignemt":"","sfsi_plus_gutenburg_max_per_row":"","footnotes":""},"categories":[6,10,1],"tags":[],"class_list":["post-286","post","type-post","status-publish","format-standard","has-post-thumbnail","hentry","category-sao_paulo","category-destaques","category-noticias"],"_links":{"self":[{"href":"https:\/\/noticiasregionais.com.br\/index.php?rest_route=\/wp\/v2\/posts\/286","targetHints":{"allow":["GET"]}}],"collection":[{"href":"https:\/\/noticiasregionais.com.br\/index.php?rest_route=\/wp\/v2\/posts"}],"about":[{"href":"https:\/\/noticiasregionais.com.br\/index.php?rest_route=\/wp\/v2\/types\/post"}],"author":[{"embeddable":true,"href":"https:\/\/noticiasregionais.com.br\/index.php?rest_route=\/wp\/v2\/users\/1"}],"replies":[{"embeddable":true,"href":"https:\/\/noticiasregionais.com.br\/index.php?rest_route=%2Fwp%2Fv2%2Fcomments&post=286"}],"version-history":[{"count":1,"href":"https:\/\/noticiasregionais.com.br\/index.php?rest_route=\/wp\/v2\/posts\/286\/revisions"}],"predecessor-version":[{"id":288,"href":"https:\/\/noticiasregionais.com.br\/index.php?rest_route=\/wp\/v2\/posts\/286\/revisions\/288"}],"wp:featuredmedia":[{"embeddable":true,"href":"https:\/\/noticiasregionais.com.br\/index.php?rest_route=\/wp\/v2\/media\/287"}],"wp:attachment":[{"href":"https:\/\/noticiasregionais.com.br\/index.php?rest_route=%2Fwp%2Fv2%2Fmedia&parent=286"}],"wp:term":[{"taxonomy":"category","embeddable":true,"href":"https:\/\/noticiasregionais.com.br\/index.php?rest_route=%2Fwp%2Fv2%2Fcategories&post=286"},{"taxonomy":"post_tag","embeddable":true,"href":"https:\/\/noticiasregionais.com.br\/index.php?rest_route=%2Fwp%2Fv2%2Ftags&post=286"}],"curies":[{"name":"wp","href":"https:\/\/api.w.org\/{rel}","templated":true}]}}