{"id":2861,"date":"2024-05-09T07:23:42","date_gmt":"2024-05-09T10:23:42","guid":{"rendered":"https:\/\/noticiasregionais.com.br\/?p=2861"},"modified":"2024-05-09T07:23:54","modified_gmt":"2024-05-09T10:23:54","slug":"jacarezinho-sedia-seminario-de-seguranca-e-lancamento-de-operacao-cosud","status":"publish","type":"post","link":"https:\/\/noticiasregionais.com.br\/?p=2861","title":{"rendered":"Jacarezinho sedia semin\u00e1rio de seguran\u00e7a e lan\u00e7amento de opera\u00e7\u00e3o COSUD"},"content":{"rendered":"\n<p>Um marco na seguran\u00e7a p\u00fablica do Norte Pioneiro paranaense ocorreu nesta quarta-feira, com a realiza\u00e7\u00e3o do Semin\u00e1rio de Seguran\u00e7a P\u00fablica no Cine Igua\u00e7u, seguido pelo lan\u00e7amento da Opera\u00e7\u00e3o COSUD, que promete intensificar a seguran\u00e7a nas divisas entre o Paran\u00e1 e S\u00e3o Paulo.<\/p>\n\n\n\n<p>O semin\u00e1rio foi presidido pelo Secret\u00e1rio de Seguran\u00e7a P\u00fablica do Paran\u00e1, Coronel Hudson Le\u00f4ncio Teixeira, que apresentou um panorama da seguran\u00e7a no estado, destacando as melhorias nos \u00edndices de criminalidade. Segundo o Coronel, esses dados refletem os esfor\u00e7os cont\u00ednuos do governo em proporcionar um ambiente mais seguro para os cidad\u00e3os.<\/p>\n\n\n\n<p>Durante o evento, Major M\u00e1rcio Jaquetti, Comandante do 2\u00ba BPM, discutiu o tema \u201cGuardi\u00e3o do Norte Pioneiro: An\u00e1lise e Progresso\u201d, onde detalhou os investimentos recentes em seguran\u00e7a e seus resultados promissores, sublinhando o compromisso das autoridades com a prote\u00e7\u00e3o da comunidade.<\/p>\n\n\n\n<p>No per\u00edodo da tarde, a aten\u00e7\u00e3o se voltou para a BR 369, na divisa entre Jacarezinho e Ourinhos\/SP, onde foi oficialmente lan\u00e7ada a Opera\u00e7\u00e3o COSUD. Este esfor\u00e7o conjunto entre as For\u00e7as de Seguran\u00e7a dos estados do Sul e Sudeste, incluindo Pol\u00edcias Militar e Civil, Pol\u00edcia Rodovi\u00e1ria Federal e Pol\u00edcia Penal, tem o objetivo principal de combater a viol\u00eancia e o crime organizado, especialmente nas \u00e1reas fronteiri\u00e7as.<\/p>\n\n\n\n<p>O Coronel Hudson coordenou a mobiliza\u00e7\u00e3o que envolveu uma demonstra\u00e7\u00e3o de for\u00e7a e a prepara\u00e7\u00e3o para as a\u00e7\u00f5es de campo, que inclu\u00edram policiamento ostensivo, abordagens estrat\u00e9gicas e cumprimento de mandados judiciais. A opera\u00e7\u00e3o j\u00e1 apresentou resultados iniciais positivos, com a pris\u00e3o de seis indiv\u00edduos, al\u00e9m da apreens\u00e3o de armas, muni\u00e7\u00f5es, drogas e outros itens relacionados ao tr\u00e1fico.<\/p>\n\n\n\n<p>A Opera\u00e7\u00e3o COSUD \u00e9 vista como um passo crucial para refor\u00e7ar a seguran\u00e7a na regi\u00e3o, com a expectativa de que a coopera\u00e7\u00e3o inter-estadual seja um modelo a ser seguido em outras \u00e1reas do pa\u00eds, unindo for\u00e7as para um combate mais efetivo ao crime transfronteiri\u00e7o.<\/p>\n\n\n\n<p>As autoridades locais e estaduais permanecem vigilantes e em estado de prontid\u00e3o para assegurar que as iniciativas tomadas continuem a fortalecer a seguran\u00e7a p\u00fablica e a tranquilidade da popula\u00e7\u00e3o do Norte Pioneiro do Paran\u00e1 e al\u00e9m.<\/p>\n\n\n\n<figure class=\"wp-block-gallery has-nested-images columns-4 is-cropped wp-block-gallery-1 is-layout-flex wp-block-gallery-is-layout-flex\">\n<figure class=\"wp-block-image size-large\"><a href=\"https:\/\/noticiasregionais.com.br\/wp-content\/uploads\/2024\/05\/WhatsApp-Image-2024-05-08-at-23.32.531.jpeg\"><img decoding=\"async\" width=\"576\" height=\"820\" data-id=\"2863\" src=\"https:\/\/noticiasregionais.com.br\/wp-content\/uploads\/2024\/05\/WhatsApp-Image-2024-05-08-at-23.32.531.jpeg\" alt=\"\" class=\"wp-image-2863\" srcset=\"https:\/\/noticiasregionais.com.br\/wp-content\/uploads\/2024\/05\/WhatsApp-Image-2024-05-08-at-23.32.531.jpeg 576w, https:\/\/noticiasregionais.com.br\/wp-content\/uploads\/2024\/05\/WhatsApp-Image-2024-05-08-at-23.32.531-211x300.jpeg 211w\" sizes=\"(max-width: 576px) 100vw, 576px\" \/><\/a><\/figure>\n\n\n\n<figure class=\"wp-block-image size-large\"><a href=\"https:\/\/noticiasregionais.com.br\/wp-content\/uploads\/2024\/05\/WhatsApp-Image-2024-05-08-at-23.32.53.jpeg\"><img decoding=\"async\" width=\"1024\" height=\"502\" data-id=\"2862\" src=\"https:\/\/noticiasregionais.com.br\/wp-content\/uploads\/2024\/05\/WhatsApp-Image-2024-05-08-at-23.32.53-1024x502.jpeg\" alt=\"\" class=\"wp-image-2862\" srcset=\"https:\/\/noticiasregionais.com.br\/wp-content\/uploads\/2024\/05\/WhatsApp-Image-2024-05-08-at-23.32.53-1024x502.jpeg 1024w, https:\/\/noticiasregionais.com.br\/wp-content\/uploads\/2024\/05\/WhatsApp-Image-2024-05-08-at-23.32.53-300x147.jpeg 300w, https:\/\/noticiasregionais.com.br\/wp-content\/uploads\/2024\/05\/WhatsApp-Image-2024-05-08-at-23.32.53-768x376.jpeg 768w, https:\/\/noticiasregionais.com.br\/wp-content\/uploads\/2024\/05\/WhatsApp-Image-2024-05-08-at-23.32.53.jpeg 1280w\" sizes=\"(max-width: 1024px) 100vw, 1024px\" \/><\/a><\/figure>\n\n\n\n<figure class=\"wp-block-image size-large\"><a href=\"https:\/\/noticiasregionais.com.br\/wp-content\/uploads\/2024\/05\/WhatsApp-Image-2024-05-08-at-23.32.542.jpeg\"><img decoding=\"async\" width=\"1024\" height=\"682\" data-id=\"2865\" src=\"https:\/\/noticiasregionais.com.br\/wp-content\/uploads\/2024\/05\/WhatsApp-Image-2024-05-08-at-23.32.542-1024x682.jpeg\" alt=\"\" class=\"wp-image-2865\" srcset=\"https:\/\/noticiasregionais.com.br\/wp-content\/uploads\/2024\/05\/WhatsApp-Image-2024-05-08-at-23.32.542-1024x682.jpeg 1024w, https:\/\/noticiasregionais.com.br\/wp-content\/uploads\/2024\/05\/WhatsApp-Image-2024-05-08-at-23.32.542-300x200.jpeg 300w, https:\/\/noticiasregionais.com.br\/wp-content\/uploads\/2024\/05\/WhatsApp-Image-2024-05-08-at-23.32.542-768x512.jpeg 768w, https:\/\/noticiasregionais.com.br\/wp-content\/uploads\/2024\/05\/WhatsApp-Image-2024-05-08-at-23.32.542-1536x1023.jpeg 1536w, https:\/\/noticiasregionais.com.br\/wp-content\/uploads\/2024\/05\/WhatsApp-Image-2024-05-08-at-23.32.542.jpeg 1600w\" sizes=\"(max-width: 1024px) 100vw, 1024px\" \/><\/a><\/figure>\n\n\n\n<figure class=\"wp-block-image size-large\"><a href=\"https:\/\/noticiasregionais.com.br\/wp-content\/uploads\/2024\/05\/WhatsApp-Image-2024-05-08-at-23.32.541.jpeg\"><img decoding=\"async\" width=\"461\" height=\"1024\" data-id=\"2864\" src=\"https:\/\/noticiasregionais.com.br\/wp-content\/uploads\/2024\/05\/WhatsApp-Image-2024-05-08-at-23.32.541-461x1024.jpeg\" alt=\"\" class=\"wp-image-2864\" srcset=\"https:\/\/noticiasregionais.com.br\/wp-content\/uploads\/2024\/05\/WhatsApp-Image-2024-05-08-at-23.32.541-461x1024.jpeg 461w, https:\/\/noticiasregionais.com.br\/wp-content\/uploads\/2024\/05\/WhatsApp-Image-2024-05-08-at-23.32.541-135x300.jpeg 135w, https:\/\/noticiasregionais.com.br\/wp-content\/uploads\/2024\/05\/WhatsApp-Image-2024-05-08-at-23.32.541.jpeg 576w\" sizes=\"(max-width: 461px) 100vw, 461px\" \/><\/a><\/figure>\n<\/figure>\n<input type=\"hidden\" id=\"baseurl\" value=\"https:\/\/noticiasregionais.com.br\"><input type=\"hidden\" id=\"audio_nonce\" value=\"533fbb67b1\">","protected":false},"excerpt":{"rendered":"<p>Um marco na seguran\u00e7a p\u00fablica do Norte Pioneiro paranaense ocorreu nesta quarta-feira, com a realiza\u00e7\u00e3o do Semin\u00e1rio de Seguran\u00e7a P\u00fablica&hellip;<\/p>\n","protected":false},"author":1,"featured_media":2866,"comment_status":"closed","ping_status":"open","sticky":false,"template":"","format":"standard","meta":{"sfsi_plus_gutenberg_text_before_share":"","sfsi_plus_gutenberg_show_text_before_share":"","sfsi_plus_gutenberg_icon_type":"","sfsi_plus_gutenberg_icon_alignemt":"","sfsi_plus_gutenburg_max_per_row":"","footnotes":""},"categories":[7,12,1],"tags":[],"class_list":["post-2861","post","type-post","status-publish","format-standard","has-post-thumbnail","hentry","category-parana","category-capa","category-noticias"],"_links":{"self":[{"href":"https:\/\/noticiasregionais.com.br\/index.php?rest_route=\/wp\/v2\/posts\/2861","targetHints":{"allow":["GET"]}}],"collection":[{"href":"https:\/\/noticiasregionais.com.br\/index.php?rest_route=\/wp\/v2\/posts"}],"about":[{"href":"https:\/\/noticiasregionais.com.br\/index.php?rest_route=\/wp\/v2\/types\/post"}],"author":[{"embeddable":true,"href":"https:\/\/noticiasregionais.com.br\/index.php?rest_route=\/wp\/v2\/users\/1"}],"replies":[{"embeddable":true,"href":"https:\/\/noticiasregionais.com.br\/index.php?rest_route=%2Fwp%2Fv2%2Fcomments&post=2861"}],"version-history":[{"count":1,"href":"https:\/\/noticiasregionais.com.br\/index.php?rest_route=\/wp\/v2\/posts\/2861\/revisions"}],"predecessor-version":[{"id":2867,"href":"https:\/\/noticiasregionais.com.br\/index.php?rest_route=\/wp\/v2\/posts\/2861\/revisions\/2867"}],"wp:featuredmedia":[{"embeddable":true,"href":"https:\/\/noticiasregionais.com.br\/index.php?rest_route=\/wp\/v2\/media\/2866"}],"wp:attachment":[{"href":"https:\/\/noticiasregionais.com.br\/index.php?rest_route=%2Fwp%2Fv2%2Fmedia&parent=2861"}],"wp:term":[{"taxonomy":"category","embeddable":true,"href":"https:\/\/noticiasregionais.com.br\/index.php?rest_route=%2Fwp%2Fv2%2Fcategories&post=2861"},{"taxonomy":"post_tag","embeddable":true,"href":"https:\/\/noticiasregionais.com.br\/index.php?rest_route=%2Fwp%2Fv2%2Ftags&post=2861"}],"curies":[{"name":"wp","href":"https:\/\/api.w.org\/{rel}","templated":true}]}}