{"id":2868,"date":"2024-05-09T07:39:42","date_gmt":"2024-05-09T10:39:42","guid":{"rendered":"https:\/\/noticiasregionais.com.br\/?p=2868"},"modified":"2024-05-09T07:39:54","modified_gmt":"2024-05-09T10:39:54","slug":"canil-gaiola-aberta-realiza-o-primeiro-evento-voltado-a-adocao-de-animais-neste-sabado","status":"publish","type":"post","link":"https:\/\/noticiasregionais.com.br\/?p=2868","title":{"rendered":"Canil Gaiola Aberta realiza o primeiro evento voltado a ado\u00e7\u00e3o de animais neste S\u00e1bado"},"content":{"rendered":"\n<p>O Projeto Canil Gaiola Aberta em parceria com o Fundo Social de Solidariedade de Ourinhos far\u00e3o um dia especial voltado a ado\u00e7\u00e3o de animais. No dia 11 de maio, o Canil estar\u00e1 de portas abertas a toda a comunidade.<\/p>\n\n\n\n<p>Hoje o Canil conta com cerca de 400 animais em condi\u00e7\u00f5es de serem adotados e ganhar um lar cheio de amor. O intuito do evento \u00e9 promover os benef\u00edcios da ado\u00e7\u00e3o de animais e diminuir a compra de outros c\u00e3es de ra\u00e7a.<\/p>\n\n\n\n<p>O bi\u00f3logo e apresentador Richard Rasmussen estar\u00e1 presente durante o evento. A ado\u00e7\u00e3o \u00e9 um ato nobre que melhora a sa\u00fade mental do tutor, traz momentos de alegria e \u00e9 a garantia de amor e carinho incondicionais. No entanto, tudo deve ser feito com responsabilidade. Venha participar desse dia especial e levar um amiguinho para casa.<\/p>\n<input type=\"hidden\" id=\"baseurl\" value=\"https:\/\/noticiasregionais.com.br\"><input type=\"hidden\" id=\"audio_nonce\" value=\"3cdc555a10\">","protected":false},"excerpt":{"rendered":"<p>O Projeto Canil Gaiola Aberta em parceria com o Fundo Social de Solidariedade de Ourinhos far\u00e3o um dia especial voltado&hellip;<\/p>\n","protected":false},"author":1,"featured_media":2869,"comment_status":"closed","ping_status":"open","sticky":false,"template":"","format":"standard","meta":{"sfsi_plus_gutenberg_text_before_share":"","sfsi_plus_gutenberg_show_text_before_share":"","sfsi_plus_gutenberg_icon_type":"","sfsi_plus_gutenberg_icon_alignemt":"","sfsi_plus_gutenburg_max_per_row":"","footnotes":""},"categories":[5,10,1],"tags":[],"class_list":["post-2868","post","type-post","status-publish","format-standard","has-post-thumbnail","hentry","category-ourinhos","category-destaques","category-noticias"],"_links":{"self":[{"href":"https:\/\/noticiasregionais.com.br\/index.php?rest_route=\/wp\/v2\/posts\/2868","targetHints":{"allow":["GET"]}}],"collection":[{"href":"https:\/\/noticiasregionais.com.br\/index.php?rest_route=\/wp\/v2\/posts"}],"about":[{"href":"https:\/\/noticiasregionais.com.br\/index.php?rest_route=\/wp\/v2\/types\/post"}],"author":[{"embeddable":true,"href":"https:\/\/noticiasregionais.com.br\/index.php?rest_route=\/wp\/v2\/users\/1"}],"replies":[{"embeddable":true,"href":"https:\/\/noticiasregionais.com.br\/index.php?rest_route=%2Fwp%2Fv2%2Fcomments&post=2868"}],"version-history":[{"count":1,"href":"https:\/\/noticiasregionais.com.br\/index.php?rest_route=\/wp\/v2\/posts\/2868\/revisions"}],"predecessor-version":[{"id":2870,"href":"https:\/\/noticiasregionais.com.br\/index.php?rest_route=\/wp\/v2\/posts\/2868\/revisions\/2870"}],"wp:featuredmedia":[{"embeddable":true,"href":"https:\/\/noticiasregionais.com.br\/index.php?rest_route=\/wp\/v2\/media\/2869"}],"wp:attachment":[{"href":"https:\/\/noticiasregionais.com.br\/index.php?rest_route=%2Fwp%2Fv2%2Fmedia&parent=2868"}],"wp:term":[{"taxonomy":"category","embeddable":true,"href":"https:\/\/noticiasregionais.com.br\/index.php?rest_route=%2Fwp%2Fv2%2Fcategories&post=2868"},{"taxonomy":"post_tag","embeddable":true,"href":"https:\/\/noticiasregionais.com.br\/index.php?rest_route=%2Fwp%2Fv2%2Ftags&post=2868"}],"curies":[{"name":"wp","href":"https:\/\/api.w.org\/{rel}","templated":true}]}}