{"id":2871,"date":"2024-05-09T10:31:33","date_gmt":"2024-05-09T13:31:33","guid":{"rendered":"https:\/\/noticiasregionais.com.br\/?p=2871"},"modified":"2024-05-09T10:31:35","modified_gmt":"2024-05-09T13:31:35","slug":"operacao-policial-em-chavantes-resulta-na-prisao-de-jovem-por-trafico-de-drogas","status":"publish","type":"post","link":"https:\/\/noticiasregionais.com.br\/?p=2871","title":{"rendered":"Opera\u00e7\u00e3o Policial em Chavantes Resulta na Pris\u00e3o de Jovem por Tr\u00e1fico de Drogas"},"content":{"rendered":"\n<p>Uma opera\u00e7\u00e3o conduzida pelo 13\u00ba Batalh\u00e3o de A\u00e7\u00f5es Especiais de Pol\u00edcia (BAEP) com a colabora\u00e7\u00e3o da equipe canina (K9) resultou na pris\u00e3o de Kaique E. P. R., de 18 anos, por tr\u00e1fico de drogas na noite de quarta-feira, em Chavantes, S\u00e3o Paulo.<\/p>\n\n\n\n<p>A a\u00e7\u00e3o, parte da Opera\u00e7\u00e3o COSUD, ocorreu na Rua Am\u00e9rico Luizon por volta das 19h35, quando a equipe de patrulhamento especializado avistou Kaique, j\u00e1 conhecido pelas autoridades por antecedentes criminais relacionados ao tr\u00e1fico de drogas e tentativa de homic\u00eddio durante sua menoridade.<\/p>\n\n\n\n<p>Segundo relatos da pol\u00edcia, Kaique foi visto sentado em frente a um port\u00e3o, manuseando uma sacola pl\u00e1stica. Ao perceber a aproxima\u00e7\u00e3o dos oficiais, o suspeito tentou fugir para o interior de uma resid\u00eancia, levando a uma persegui\u00e7\u00e3o que terminou quando ele pulou o muro para uma casa vizinha. O im\u00f3vel, identificado como pertencente a familiares do acusado, foi onde a equipe policial conseguiu det\u00ea-lo ap\u00f3s consentimento da av\u00f3 de Kaique para entrada dos oficiais.<\/p>\n\n\n\n<p>Dentro da casa, Kaique foi encontrado saindo de um banheiro. Apesar de ter sido informado sobre seus direitos, incluindo o de permanecer em sil\u00eancio, Kaique revelou \u00e0 pol\u00edcia que estava vendendo drogas na frente da casa e decidiu fugir ao ver os policiais. Ele tamb\u00e9m indicou onde escondeu o crack durante a fuga e admitiu possuir mais drogas na resid\u00eancia onde inicialmente entrou.<\/p>\n\n\n\n<p>Os agentes encontraram e apreenderam um pote contendo maconha e uma mini balan\u00e7a digital de precis\u00e3o no local indicado por Kaique. O total de maconha apreendida pesou 0,161 kg, enquanto a quantidade de crack somou 0,059 kg. Al\u00e9m das drogas, um aparelho celular foi recolhido como parte das evid\u00eancias.<\/p>\n\n\n\n<p>Kaique foi encaminhado para o Plant\u00e3o Policial de Ourinhos, onde a autoridade policial ratificou sua pris\u00e3o, mantendo-o \u00e0 disposi\u00e7\u00e3o da justi\u00e7a. A opera\u00e7\u00e3o destaca o cont\u00ednuo esfor\u00e7o das for\u00e7as de seguran\u00e7a no combate ao tr\u00e1fico de drogas na regi\u00e3o.<\/p>\n\n\n<div class=\"wp-block-image\">\n<figure class=\"aligncenter size-large\"><img decoding=\"async\" width=\"768\" height=\"1024\" src=\"https:\/\/noticiasregionais.com.br\/wp-content\/uploads\/2024\/05\/WhatsApp-Image-2024-05-09-at-10.22.16-768x1024.jpeg\" alt=\"\" class=\"wp-image-2872\" srcset=\"https:\/\/noticiasregionais.com.br\/wp-content\/uploads\/2024\/05\/WhatsApp-Image-2024-05-09-at-10.22.16-768x1024.jpeg 768w, https:\/\/noticiasregionais.com.br\/wp-content\/uploads\/2024\/05\/WhatsApp-Image-2024-05-09-at-10.22.16-225x300.jpeg 225w, https:\/\/noticiasregionais.com.br\/wp-content\/uploads\/2024\/05\/WhatsApp-Image-2024-05-09-at-10.22.16-1152x1536.jpeg 1152w, https:\/\/noticiasregionais.com.br\/wp-content\/uploads\/2024\/05\/WhatsApp-Image-2024-05-09-at-10.22.16.jpeg 1200w\" sizes=\"(max-width: 768px) 100vw, 768px\" \/><\/figure>\n<\/div><input type=\"hidden\" id=\"baseurl\" value=\"https:\/\/noticiasregionais.com.br\"><input type=\"hidden\" id=\"audio_nonce\" value=\"533fbb67b1\">","protected":false},"excerpt":{"rendered":"<p>Uma opera\u00e7\u00e3o conduzida pelo 13\u00ba Batalh\u00e3o de A\u00e7\u00f5es Especiais de Pol\u00edcia (BAEP) com a colabora\u00e7\u00e3o da equipe canina (K9) resultou&hellip;<\/p>\n","protected":false},"author":1,"featured_media":2873,"comment_status":"closed","ping_status":"open","sticky":false,"template":"","format":"standard","meta":{"sfsi_plus_gutenberg_text_before_share":"","sfsi_plus_gutenberg_show_text_before_share":"","sfsi_plus_gutenberg_icon_type":"","sfsi_plus_gutenberg_icon_alignemt":"","sfsi_plus_gutenburg_max_per_row":"","footnotes":""},"categories":[6,10,1],"tags":[],"class_list":["post-2871","post","type-post","status-publish","format-standard","has-post-thumbnail","hentry","category-sao_paulo","category-destaques","category-noticias"],"_links":{"self":[{"href":"https:\/\/noticiasregionais.com.br\/index.php?rest_route=\/wp\/v2\/posts\/2871","targetHints":{"allow":["GET"]}}],"collection":[{"href":"https:\/\/noticiasregionais.com.br\/index.php?rest_route=\/wp\/v2\/posts"}],"about":[{"href":"https:\/\/noticiasregionais.com.br\/index.php?rest_route=\/wp\/v2\/types\/post"}],"author":[{"embeddable":true,"href":"https:\/\/noticiasregionais.com.br\/index.php?rest_route=\/wp\/v2\/users\/1"}],"replies":[{"embeddable":true,"href":"https:\/\/noticiasregionais.com.br\/index.php?rest_route=%2Fwp%2Fv2%2Fcomments&post=2871"}],"version-history":[{"count":1,"href":"https:\/\/noticiasregionais.com.br\/index.php?rest_route=\/wp\/v2\/posts\/2871\/revisions"}],"predecessor-version":[{"id":2874,"href":"https:\/\/noticiasregionais.com.br\/index.php?rest_route=\/wp\/v2\/posts\/2871\/revisions\/2874"}],"wp:featuredmedia":[{"embeddable":true,"href":"https:\/\/noticiasregionais.com.br\/index.php?rest_route=\/wp\/v2\/media\/2873"}],"wp:attachment":[{"href":"https:\/\/noticiasregionais.com.br\/index.php?rest_route=%2Fwp%2Fv2%2Fmedia&parent=2871"}],"wp:term":[{"taxonomy":"category","embeddable":true,"href":"https:\/\/noticiasregionais.com.br\/index.php?rest_route=%2Fwp%2Fv2%2Fcategories&post=2871"},{"taxonomy":"post_tag","embeddable":true,"href":"https:\/\/noticiasregionais.com.br\/index.php?rest_route=%2Fwp%2Fv2%2Ftags&post=2871"}],"curies":[{"name":"wp","href":"https:\/\/api.w.org\/{rel}","templated":true}]}}