{"id":2878,"date":"2024-05-10T07:04:33","date_gmt":"2024-05-10T10:04:33","guid":{"rendered":"https:\/\/noticiasregionais.com.br\/?p=2878"},"modified":"2024-05-10T07:04:36","modified_gmt":"2024-05-10T10:04:36","slug":"2o-batalhao-intensifica-atualizacao-profissional-do-efetivo","status":"publish","type":"post","link":"https:\/\/noticiasregionais.com.br\/?p=2878","title":{"rendered":"2\u00ba Batalh\u00e3o intensifica atualiza\u00e7\u00e3o profissional do efetivo"},"content":{"rendered":"\n<p>Na manh\u00e3 da \u00faltima quinta-feira (09\/05), o 2\u00ba Batalh\u00e3o da Pol\u00edcia Militar deu seguimento ao ciclo de atualiza\u00e7\u00e3o profissional para seus policiais. A iniciativa, que visa aprimorar as habilidades e conhecimentos da tropa, contou com a participa\u00e7\u00e3o da 1\u00aa Companhia PM e do Pelot\u00e3o de Comando e Servi\u00e7os.<\/p>\n\n\n\n<p>Durante o treinamento, os policiais foram capacitados em temas relevantes para o dia a dia da atividade policial, como a atualiza\u00e7\u00e3o na confec\u00e7\u00e3o de Boletins de Ocorr\u00eancia e Termo Circunstanciado. Al\u00e9m disso, receberam explana\u00e7\u00e3o sobre o Plano de Defesa da Unidade, refor\u00e7ando a seguran\u00e7a do batalh\u00e3o e da comunidade atendida.<\/p>\n\n\n\n<p>Visando o bem-estar dos profissionais, a programa\u00e7\u00e3o tamb\u00e9m incluiu um momento dedicado \u00e0 sa\u00fade mental. Atrav\u00e9s de acompanhamento psicol\u00f3gico, os policiais puderam discutir os desafios da profiss\u00e3o e receber ferramentas para lidar com o estresse e a ansiedade.<\/p>\n\n\n\n<p>A atualiza\u00e7\u00e3o profissional do 2\u00ba Batalh\u00e3o demonstra o compromisso da corpora\u00e7\u00e3o com a excel\u00eancia no servi\u00e7o prestado \u00e0 sociedade. Atrav\u00e9s do investimento na qualifica\u00e7\u00e3o de seus policiais, a PM busca garantir a seguran\u00e7a da popula\u00e7\u00e3o de forma cada vez mais eficaz e humanizada.<\/p>\n\n\n\n<p><strong>Destaques da atualiza\u00e7\u00e3o:<\/strong><\/p>\n\n\n\n<ul class=\"wp-block-list\">\n<li>Atualiza\u00e7\u00e3o na confec\u00e7\u00e3o de Boletins de Ocorr\u00eancia e Termo Circunstanciado;<\/li>\n\n\n\n<li>Explana\u00e7\u00e3o do Plano de Defesa da Unidade;<\/li>\n\n\n\n<li>Acompanhamento psicol\u00f3gico com foco na Sa\u00fade Mental do Profissional de Seguran\u00e7a P\u00fablica.<\/li>\n<\/ul>\n\n\n\n<p><strong>A iniciativa visa:<\/strong><\/p>\n\n\n\n<ul class=\"wp-block-list\">\n<li>Aprimorar as habilidades e conhecimentos dos policiais;<\/li>\n\n\n\n<li>Garantir a excel\u00eancia no servi\u00e7o prestado \u00e0 sociedade;<\/li>\n\n\n\n<li>Promover a seguran\u00e7a da popula\u00e7\u00e3o de forma eficaz e humanizada.<\/li>\n<\/ul>\n<input type=\"hidden\" id=\"baseurl\" value=\"https:\/\/noticiasregionais.com.br\"><input type=\"hidden\" id=\"audio_nonce\" value=\"533fbb67b1\">","protected":false},"excerpt":{"rendered":"<p>Na manh\u00e3 da \u00faltima quinta-feira (09\/05), o 2\u00ba Batalh\u00e3o da Pol\u00edcia Militar deu seguimento ao ciclo de atualiza\u00e7\u00e3o profissional para&hellip;<\/p>\n","protected":false},"author":1,"featured_media":2879,"comment_status":"closed","ping_status":"open","sticky":false,"template":"","format":"standard","meta":{"sfsi_plus_gutenberg_text_before_share":"","sfsi_plus_gutenberg_show_text_before_share":"","sfsi_plus_gutenberg_icon_type":"","sfsi_plus_gutenberg_icon_alignemt":"","sfsi_plus_gutenburg_max_per_row":"","footnotes":""},"categories":[7,10,1],"tags":[],"class_list":["post-2878","post","type-post","status-publish","format-standard","has-post-thumbnail","hentry","category-parana","category-destaques","category-noticias"],"_links":{"self":[{"href":"https:\/\/noticiasregionais.com.br\/index.php?rest_route=\/wp\/v2\/posts\/2878","targetHints":{"allow":["GET"]}}],"collection":[{"href":"https:\/\/noticiasregionais.com.br\/index.php?rest_route=\/wp\/v2\/posts"}],"about":[{"href":"https:\/\/noticiasregionais.com.br\/index.php?rest_route=\/wp\/v2\/types\/post"}],"author":[{"embeddable":true,"href":"https:\/\/noticiasregionais.com.br\/index.php?rest_route=\/wp\/v2\/users\/1"}],"replies":[{"embeddable":true,"href":"https:\/\/noticiasregionais.com.br\/index.php?rest_route=%2Fwp%2Fv2%2Fcomments&post=2878"}],"version-history":[{"count":1,"href":"https:\/\/noticiasregionais.com.br\/index.php?rest_route=\/wp\/v2\/posts\/2878\/revisions"}],"predecessor-version":[{"id":2880,"href":"https:\/\/noticiasregionais.com.br\/index.php?rest_route=\/wp\/v2\/posts\/2878\/revisions\/2880"}],"wp:featuredmedia":[{"embeddable":true,"href":"https:\/\/noticiasregionais.com.br\/index.php?rest_route=\/wp\/v2\/media\/2879"}],"wp:attachment":[{"href":"https:\/\/noticiasregionais.com.br\/index.php?rest_route=%2Fwp%2Fv2%2Fmedia&parent=2878"}],"wp:term":[{"taxonomy":"category","embeddable":true,"href":"https:\/\/noticiasregionais.com.br\/index.php?rest_route=%2Fwp%2Fv2%2Fcategories&post=2878"},{"taxonomy":"post_tag","embeddable":true,"href":"https:\/\/noticiasregionais.com.br\/index.php?rest_route=%2Fwp%2Fv2%2Ftags&post=2878"}],"curies":[{"name":"wp","href":"https:\/\/api.w.org\/{rel}","templated":true}]}}