{"id":2882,"date":"2024-05-11T11:54:24","date_gmt":"2024-05-11T14:54:24","guid":{"rendered":"https:\/\/noticiasregionais.com.br\/?p=2882"},"modified":"2024-05-11T11:54:36","modified_gmt":"2024-05-11T14:54:36","slug":"operacao-policial-em-ribeirao-claro-resulta-na-apreensao-de-arma-e-drogas","status":"publish","type":"post","link":"https:\/\/noticiasregionais.com.br\/?p=2882","title":{"rendered":"Opera\u00e7\u00e3o policial em Ribeir\u00e3o Claro resulta na apreens\u00e3o de arma e drogas"},"content":{"rendered":"\n<p>Uma opera\u00e7\u00e3o conjunta entre a Pol\u00edcia Militar e a Pol\u00edcia Civil realizada na tarde de ter\u00e7a-feira, 9 de maio, resultou na apreens\u00e3o de uma arma, muni\u00e7\u00f5es e drogas em uma resid\u00eancia na cidade de Ribeir\u00e3o Claro, no Paran\u00e1. A a\u00e7\u00e3o ocorreu na Rua Marina Chequer Bechara, no bairro Bechara II, visando o cumprimento de um mandado de busca e apreens\u00e3o emitido pela justi\u00e7a.<\/p>\n\n\n\n<p>Segundo a nota divulgada pelo 2\u00ba Batalh\u00e3o de Pol\u00edcia Militar, a opera\u00e7\u00e3o teve in\u00edcio \u00e0s 13h30, quando os agentes chegaram ao local especificado pelo mandado. Durante a busca na resid\u00eancia, os policiais encontraram uma pistola da marca Taurus, modelo G3 XL, de calibre 9mm, escondida em um guarda-roupas. Al\u00e9m da arma, foram localizadas 51 muni\u00e7\u00f5es intactas, uma deflagrada, uma por\u00e7\u00e3o de coca\u00edna e v\u00e1rias embalagens que seriam utilizadas para acondicionar entorpecentes.<\/p>\n\n\n\n<p>A equipe de busca tamb\u00e9m encontrou uma balan\u00e7a de precis\u00e3o na cozinha da casa, instrumento comumente usado no tr\u00e1fico de drogas para pesar as subst\u00e2ncias vendidas. Todos os itens apreendidos foram encaminhados \u00e0 Delegacia de Pol\u00edcia de Ribeir\u00e3o Claro para os procedimentos legais subsequentes.<\/p>\n\n\n\n<p>A Pol\u00edcia Civil informou que as investiga\u00e7\u00f5es continuam para identificar outros poss\u00edveis envolvidos nas atividades criminosas associadas \u00e0 resid\u00eancia investigada. As autoridades tamb\u00e9m refor\u00e7aram a import\u00e2ncia das opera\u00e7\u00f5es integradas para o combate efetivo \u00e0 criminalidade na regi\u00e3o.<\/p>\n\n\n\n<p>At\u00e9 o momento, n\u00e3o foram divulgadas informa\u00e7\u00f5es sobre deten\u00e7\u00f5es durante a opera\u00e7\u00e3o. A Pol\u00edcia Civil deve fornecer mais detalhes \u00e0 medida que a investiga\u00e7\u00e3o avan\u00e7a. A opera\u00e7\u00e3o \u00e9 parte de uma s\u00e9rie de esfor\u00e7os das for\u00e7as de seguran\u00e7a do estado para reprimir o tr\u00e1fico de drogas e o uso ilegal de armas.<\/p>\n<input type=\"hidden\" id=\"baseurl\" value=\"https:\/\/noticiasregionais.com.br\"><input type=\"hidden\" id=\"audio_nonce\" value=\"533fbb67b1\">","protected":false},"excerpt":{"rendered":"<p>Uma opera\u00e7\u00e3o conjunta entre a Pol\u00edcia Militar e a Pol\u00edcia Civil realizada na tarde de ter\u00e7a-feira, 9 de maio, resultou&hellip;<\/p>\n","protected":false},"author":1,"featured_media":2883,"comment_status":"closed","ping_status":"open","sticky":false,"template":"","format":"standard","meta":{"sfsi_plus_gutenberg_text_before_share":"","sfsi_plus_gutenberg_show_text_before_share":"","sfsi_plus_gutenberg_icon_type":"","sfsi_plus_gutenberg_icon_alignemt":"","sfsi_plus_gutenburg_max_per_row":"","footnotes":""},"categories":[7,12,1],"tags":[],"class_list":["post-2882","post","type-post","status-publish","format-standard","has-post-thumbnail","hentry","category-parana","category-capa","category-noticias"],"_links":{"self":[{"href":"https:\/\/noticiasregionais.com.br\/index.php?rest_route=\/wp\/v2\/posts\/2882","targetHints":{"allow":["GET"]}}],"collection":[{"href":"https:\/\/noticiasregionais.com.br\/index.php?rest_route=\/wp\/v2\/posts"}],"about":[{"href":"https:\/\/noticiasregionais.com.br\/index.php?rest_route=\/wp\/v2\/types\/post"}],"author":[{"embeddable":true,"href":"https:\/\/noticiasregionais.com.br\/index.php?rest_route=\/wp\/v2\/users\/1"}],"replies":[{"embeddable":true,"href":"https:\/\/noticiasregionais.com.br\/index.php?rest_route=%2Fwp%2Fv2%2Fcomments&post=2882"}],"version-history":[{"count":1,"href":"https:\/\/noticiasregionais.com.br\/index.php?rest_route=\/wp\/v2\/posts\/2882\/revisions"}],"predecessor-version":[{"id":2884,"href":"https:\/\/noticiasregionais.com.br\/index.php?rest_route=\/wp\/v2\/posts\/2882\/revisions\/2884"}],"wp:featuredmedia":[{"embeddable":true,"href":"https:\/\/noticiasregionais.com.br\/index.php?rest_route=\/wp\/v2\/media\/2883"}],"wp:attachment":[{"href":"https:\/\/noticiasregionais.com.br\/index.php?rest_route=%2Fwp%2Fv2%2Fmedia&parent=2882"}],"wp:term":[{"taxonomy":"category","embeddable":true,"href":"https:\/\/noticiasregionais.com.br\/index.php?rest_route=%2Fwp%2Fv2%2Fcategories&post=2882"},{"taxonomy":"post_tag","embeddable":true,"href":"https:\/\/noticiasregionais.com.br\/index.php?rest_route=%2Fwp%2Fv2%2Ftags&post=2882"}],"curies":[{"name":"wp","href":"https:\/\/api.w.org\/{rel}","templated":true}]}}