{"id":2885,"date":"2024-05-12T10:49:46","date_gmt":"2024-05-12T13:49:46","guid":{"rendered":"https:\/\/noticiasregionais.com.br\/?p=2885"},"modified":"2024-05-12T10:49:57","modified_gmt":"2024-05-12T13:49:57","slug":"dia-das-maes-uma-homenagem-ao-amor-incondicional","status":"publish","type":"post","link":"https:\/\/noticiasregionais.com.br\/?p=2885","title":{"rendered":"Dia das M\u00e3es: Uma Homenagem ao Amor Incondicional"},"content":{"rendered":"\n<p>O Dia das M\u00e3es, celebrado no segundo domingo de maio em grande parte do mundo, \u00e9 uma data especial para homenagear as mulheres que dedicam suas vidas a cuidar, amar e educar seus filhos. Mas voc\u00ea sabe qual a origem dessa celebra\u00e7\u00e3o t\u00e3o querida?<\/p>\n\n\n\n<p><strong>Ra\u00edzes Americanas<\/strong><\/p>\n\n\n\n<p>Embora existam registros de festivais que reverenciavam a maternidade em diversas culturas antigas, o Dia das M\u00e3es como conhecemos hoje teve origem nos Estados Unidos. A idealizadora foi <strong>Anna Jarvis<\/strong>, uma ativista social que, em 1908, organizou um memorial em homenagem \u00e0 sua m\u00e3e, <strong>Ann Reeves Jarvis<\/strong>, falecida tr\u00eas anos antes.<\/p>\n\n\n\n<p>Ann Reeves Jarvis era uma figura exemplar na comunidade onde vivia. Durante a Guerra Civil Americana, ela fundou os <strong>Mothers&#8217; Day Work Clubs<\/strong>, grupos que promoviam cuidados com a sa\u00fade e higiene de m\u00e3es e crian\u00e7as, al\u00e9m de ensinarem t\u00e9cnicas de primeiros socorros.<\/p>\n\n\n\n<p>Ap\u00f3s a morte de sua m\u00e3e, Anna Jarvis se dedicou a tornar o Dia das M\u00e3es um feriado oficial. Sua campanha ganhou for\u00e7a e, em 1914, o presidente <strong>Woodrow Wilson<\/strong> oficializou a data no calend\u00e1rio americano.<\/p>\n\n\n\n<p><strong>No Brasil e no Mundo<\/strong><\/p>\n\n\n\n<p>O Dia das M\u00e3es chegou ao Brasil em <strong>1918<\/strong>, por iniciativa de <strong>Dona Honorina de Barros<\/strong>, esposa do jornalista Edgar Coelho. A data foi oficializada em 1933 pelo presidente <strong>Get\u00falio Vargas<\/strong>.<\/p>\n\n\n\n<p>Com o tempo, a celebra\u00e7\u00e3o se espalhou por diversos pa\u00edses, assumindo diferentes datas e costumes. Em Portugal, por exemplo, o Dia das M\u00e3es \u00e9 comemorado no primeiro domingo de maio. J\u00e1 na Espanha, a data coincide com o <strong>Dia de Nossa Senhora de F\u00e1tima<\/strong>, em 13 de maio.<\/p>\n\n\n\n<p><strong>Mais do que Presentes<\/strong><\/p>\n\n\n\n<p>Independentemente da data ou do pa\u00eds, o Dia das M\u00e3es \u00e9 um momento para celebrar o amor incondicional, a for\u00e7a e a dedica\u00e7\u00e3o das m\u00e3es. Mais do que presentes materiais, elas merecem nosso carinho, aten\u00e7\u00e3o e gratid\u00e3o todos os dias. O Dia das M\u00e3es \u00e9 apenas um dia, mas o amor e a gratid\u00e3o por nossas m\u00e3es devem ser demonstrados todos os dias do ano.<\/p>\n<input type=\"hidden\" id=\"baseurl\" value=\"https:\/\/noticiasregionais.com.br\"><input type=\"hidden\" id=\"audio_nonce\" value=\"533fbb67b1\">","protected":false},"excerpt":{"rendered":"<p>O Dia das M\u00e3es, celebrado no segundo domingo de maio em grande parte do mundo, \u00e9 uma data especial para&hellip;<\/p>\n","protected":false},"author":1,"featured_media":2886,"comment_status":"closed","ping_status":"open","sticky":false,"template":"","format":"standard","meta":{"sfsi_plus_gutenberg_text_before_share":"","sfsi_plus_gutenberg_show_text_before_share":"","sfsi_plus_gutenberg_icon_type":"","sfsi_plus_gutenberg_icon_alignemt":"","sfsi_plus_gutenburg_max_per_row":"","footnotes":""},"categories":[8,12,1],"tags":[],"class_list":["post-2885","post","type-post","status-publish","format-standard","has-post-thumbnail","hentry","category-brasil","category-capa","category-noticias"],"_links":{"self":[{"href":"https:\/\/noticiasregionais.com.br\/index.php?rest_route=\/wp\/v2\/posts\/2885","targetHints":{"allow":["GET"]}}],"collection":[{"href":"https:\/\/noticiasregionais.com.br\/index.php?rest_route=\/wp\/v2\/posts"}],"about":[{"href":"https:\/\/noticiasregionais.com.br\/index.php?rest_route=\/wp\/v2\/types\/post"}],"author":[{"embeddable":true,"href":"https:\/\/noticiasregionais.com.br\/index.php?rest_route=\/wp\/v2\/users\/1"}],"replies":[{"embeddable":true,"href":"https:\/\/noticiasregionais.com.br\/index.php?rest_route=%2Fwp%2Fv2%2Fcomments&post=2885"}],"version-history":[{"count":1,"href":"https:\/\/noticiasregionais.com.br\/index.php?rest_route=\/wp\/v2\/posts\/2885\/revisions"}],"predecessor-version":[{"id":2887,"href":"https:\/\/noticiasregionais.com.br\/index.php?rest_route=\/wp\/v2\/posts\/2885\/revisions\/2887"}],"wp:featuredmedia":[{"embeddable":true,"href":"https:\/\/noticiasregionais.com.br\/index.php?rest_route=\/wp\/v2\/media\/2886"}],"wp:attachment":[{"href":"https:\/\/noticiasregionais.com.br\/index.php?rest_route=%2Fwp%2Fv2%2Fmedia&parent=2885"}],"wp:term":[{"taxonomy":"category","embeddable":true,"href":"https:\/\/noticiasregionais.com.br\/index.php?rest_route=%2Fwp%2Fv2%2Fcategories&post=2885"},{"taxonomy":"post_tag","embeddable":true,"href":"https:\/\/noticiasregionais.com.br\/index.php?rest_route=%2Fwp%2Fv2%2Ftags&post=2885"}],"curies":[{"name":"wp","href":"https:\/\/api.w.org\/{rel}","templated":true}]}}