{"id":2888,"date":"2024-05-13T07:22:58","date_gmt":"2024-05-13T10:22:58","guid":{"rendered":"https:\/\/noticiasregionais.com.br\/?p=2888"},"modified":"2024-05-13T07:23:01","modified_gmt":"2024-05-13T10:23:01","slug":"desembolso-do-credito-rural-chega-a-r-3472-bilhoes-em-10-meses-aponta-mapa","status":"publish","type":"post","link":"https:\/\/noticiasregionais.com.br\/?p=2888","title":{"rendered":"Desembolso do cr\u00e9dito rural chega a R$ 347,2 bilh\u00f5es em 10 meses, aponta Mapa"},"content":{"rendered":"\n<p class=\"has-text-align-center\"><strong>O valor representa 80% do total planejado para a atual safra de todos os produtores, incluindo pequenos, m\u00e9dios e grandes<\/strong><\/p>\n\n\n\n<p>O montante do desembolso do cr\u00e9dito rural do Plano Safra 2023\/24 atingiu a marca de R$ 347,2 bilh\u00f5es durante um per\u00edodo de 10 meses, no per\u00edodo de julho de 2023 a abril de 2024. Isso representa um aumento de 15% em compara\u00e7\u00e3o com o mesmo per\u00edodo da safra anterior. As informa\u00e7\u00f5es s\u00e3o do Minist\u00e9rio da Agricultura, Pecu\u00e1ria e Abastecimento (Mapa).<\/p>\n\n\n\n<p>Charles Dayler, engenheiro agr\u00f4nomo, aponta que o valor deve beneficiar toda a cadeia do agroneg\u00f3cio, j\u00e1 que \u00e9 destinado para custeio, investimento, manuten\u00e7\u00e3o e distribui\u00e7\u00e3o.<\/p>\n\n\n\n<p>Os financiamentos destinados ao custeio receberam um total de R$ 191 bilh\u00f5es em aplica\u00e7\u00e3o. Enquanto isso, as contrata\u00e7\u00f5es das linhas de investimento totalizaram R$ 83 bilh\u00f5es. As opera\u00e7\u00f5es voltadas para comercializa\u00e7\u00e3o registraram R$ 45 bilh\u00f5es \u2014&nbsp;e as destinadas \u00e0 industrializa\u00e7\u00e3o, R$ 27 bilh\u00f5es.<\/p>\n\n\n\n<p>\u201cEsse recurso vai ajudar. Principalmente porque em rela\u00e7\u00e3o ao ano passado, a gente teve problema de quebra de safra. Ent\u00e3o vamos melhorar na produtividade, no escoamento. Isso tende a trazer Impacto positivo, n\u00e3o \u00e9 no setor de agroneg\u00f3cio que tem um peso important\u00edssimo no PIB&nbsp;[Produto Interno Bruto]\u201d, explica.<\/p>\n\n\n\n<p>Durante os nove meses do ano agr\u00edcola, foram realizados 1.832.791 contratos, dos quais 1.375.988 foram no \u00e2mbito do Pronaf (Programa Nacional de Fortalecimento da Agricultura Familiar) e 164.271 no Pronamp (Programa Nacional de Apoio ao M\u00e9dio Produtor Rural).<\/p>\n\n\n\n<h2 class=\"wp-block-heading\">El Ni\u00f1o<\/h2>\n\n\n\n<p>Dayler destaca que o valor de R$ 347,2 bilh\u00f5es representa 80% do total planejado para a atual safra de todos os produtores, incluindo pequenos, m\u00e9dios e grandes, que \u00e9 de R$ 435,8 bilh\u00f5es.<\/p>\n\n\n\n<p>\u201cOu seja, j\u00e1 tem recurso aplicado no campo. Ent\u00e3o em termos financeiros o trabalho est\u00e1 sendo bem feito. Temos expectativa de ganhos, ainda mais porque esse ano a gente tende a ter um efeito mais t\u00eanue&nbsp;do <em>El Ni\u00f1o<\/em>, do que no ano passado. Em termos de produtividade, os n\u00fameros devem ser melhores\u201d, aponta.<\/p>\n\n\n\n<p>Jo\u00e3o Cris\u00f3stomo, consultor de agroneg\u00f3cios da BMJ Consultores Associados, ressalta que o<em> El Ni\u00f1o <\/em>foi um desafio nos \u00faltimos meses, na safra 2023\/2024, provocando um atraso nas chuvas \u2014&nbsp;e, consequentemente, na semeadura e colheita.<\/p>\n\n\n\n<p>\u201cPrincipalmente no Centro-Oeste, onde foi observado esse atraso nas chuvas no Mato Grosso. E os efeitos<em> El Ni\u00f1o<\/em> v\u00e3o ter reverbera\u00e7\u00f5es tanto na produtividade quanto na \u00e1rea plantada, principalmente da soja, que \u00e9 a cultura mais representativa no Mato Grosso\u201d, aponta.<\/p>\n\n\n\n<p>Ele destaca que, apesar das dificuldades, o agroneg\u00f3cio tem um ciclo virtuoso de cerca de sete e oito anos, batendo recordes. Nesse contexto, alguns produtores rurais conseguiram se preparar para esse momento, mas existe uma parcela prejudicada com a adversidade clim\u00e1tica, por isso \u00e9 importante ter o apoio do governo.<\/p>\n\n\n\n<p><strong>Leia mais:<\/strong><\/p>\n\n\n\n<p><a href=\"https:\/\/brasil61.com\/n\/setor-agricola-esta-entre-os-que-mais-sofrem-com-as-chuvas-no-rs-bras2411648\" target=\"_blank\" rel=\"noopener\">Setor agr\u00edcola est\u00e1 entre os que mais sofrem com as chuvas no RS<\/a><\/p>\n\n\n\n<p><a href=\"https:\/\/brasil61.com\/n\/com-31-novos-mercados-abertos-para-o-agronegocio-brasil-amplia-presenca-dos-produtos-no-mercado-mundial-bras2411613\" target=\"_blank\" rel=\"noopener\">Com 31 novos mercados abertos para o agroneg\u00f3cio, Brasil amplia presen\u00e7a dos produtos no mercado mundial<\/a><\/p>\n\n\n\n<p>Fonte: <a href=\"https:\/\/brasil61.com\/n\/desembolso-do-credito-rural-chega-a-r-347-2-bilhoes-em-10-meses-aponta-mapa-bras2411661?email=fxmendes2012@gmail.com&amp;utm_source=email_individual&amp;utm_medium=email_individual&amp;utm_campaign=email_individual\" target=\"_blank\" rel=\"noreferrer noopener\">Brasil 61<\/a><\/p>\n<input type=\"hidden\" id=\"baseurl\" value=\"https:\/\/noticiasregionais.com.br\"><input type=\"hidden\" id=\"audio_nonce\" value=\"533fbb67b1\">","protected":false},"excerpt":{"rendered":"<p>O valor representa 80% do total planejado para a atual safra de todos os produtores, incluindo pequenos, m\u00e9dios e grandes&hellip;<\/p>\n","protected":false},"author":1,"featured_media":2889,"comment_status":"closed","ping_status":"open","sticky":false,"template":"","format":"standard","meta":{"sfsi_plus_gutenberg_text_before_share":"","sfsi_plus_gutenberg_show_text_before_share":"","sfsi_plus_gutenberg_icon_type":"","sfsi_plus_gutenberg_icon_alignemt":"","sfsi_plus_gutenburg_max_per_row":"","footnotes":""},"categories":[8,10,1],"tags":[],"class_list":["post-2888","post","type-post","status-publish","format-standard","has-post-thumbnail","hentry","category-brasil","category-destaques","category-noticias"],"_links":{"self":[{"href":"https:\/\/noticiasregionais.com.br\/index.php?rest_route=\/wp\/v2\/posts\/2888","targetHints":{"allow":["GET"]}}],"collection":[{"href":"https:\/\/noticiasregionais.com.br\/index.php?rest_route=\/wp\/v2\/posts"}],"about":[{"href":"https:\/\/noticiasregionais.com.br\/index.php?rest_route=\/wp\/v2\/types\/post"}],"author":[{"embeddable":true,"href":"https:\/\/noticiasregionais.com.br\/index.php?rest_route=\/wp\/v2\/users\/1"}],"replies":[{"embeddable":true,"href":"https:\/\/noticiasregionais.com.br\/index.php?rest_route=%2Fwp%2Fv2%2Fcomments&post=2888"}],"version-history":[{"count":1,"href":"https:\/\/noticiasregionais.com.br\/index.php?rest_route=\/wp\/v2\/posts\/2888\/revisions"}],"predecessor-version":[{"id":2890,"href":"https:\/\/noticiasregionais.com.br\/index.php?rest_route=\/wp\/v2\/posts\/2888\/revisions\/2890"}],"wp:featuredmedia":[{"embeddable":true,"href":"https:\/\/noticiasregionais.com.br\/index.php?rest_route=\/wp\/v2\/media\/2889"}],"wp:attachment":[{"href":"https:\/\/noticiasregionais.com.br\/index.php?rest_route=%2Fwp%2Fv2%2Fmedia&parent=2888"}],"wp:term":[{"taxonomy":"category","embeddable":true,"href":"https:\/\/noticiasregionais.com.br\/index.php?rest_route=%2Fwp%2Fv2%2Fcategories&post=2888"},{"taxonomy":"post_tag","embeddable":true,"href":"https:\/\/noticiasregionais.com.br\/index.php?rest_route=%2Fwp%2Fv2%2Ftags&post=2888"}],"curies":[{"name":"wp","href":"https:\/\/api.w.org\/{rel}","templated":true}]}}