{"id":29,"date":"2023-08-31T22:38:43","date_gmt":"2023-09-01T01:38:43","guid":{"rendered":"https:\/\/noticiasregionais.com.br\/?p=29"},"modified":"2023-09-01T23:36:04","modified_gmt":"2023-09-02T02:36:04","slug":"homem-e-preso-em-flagrante-por-maus-tratos-a-animais-em-ourinhos","status":"publish","type":"post","link":"https:\/\/noticiasregionais.com.br\/?p=29","title":{"rendered":"Homem \u00e9 preso em flagrante por maus-tratos a animais em Ourinhos"},"content":{"rendered":"\n<p>Na manh\u00e3 de ter\u00e7a-feira (29), uma a\u00e7\u00e3o conjunta envolvendo a Secretaria Municipal de Meio Ambiente e Agricultura, a Guarda Civil Municipal (GCM), a 58\u00aa Subse\u00e7\u00e3o da Ordem dos Advogados do Brasil (OAB) e protetores de animais, resultou na pris\u00e3o em flagrante de mais uma pessoa por maus-tratos a animais.<\/p>\n\n\n\n<p>A a\u00e7\u00e3o foi desencadeada ap\u00f3s uma den\u00fancia que levou ao cumprimento de um mandado de busca em uma resid\u00eancia. Ao chegarem ao local, constataram que a propriedade estava vazia. O propriet\u00e1rio foi localizado e acompanhado at\u00e9 o im\u00f3vel. Com a presen\u00e7a de uma veterin\u00e1ria da Secretaria de Meio Ambiente, foram identificados ind\u00edcios de maus-tratos a dois c\u00e3es. Um deles estava desnutrido e a resid\u00eancia apresentava condi\u00e7\u00f5es sanit\u00e1rias prec\u00e1rias.<\/p>\n\n\n\n<p>Diante dos fatos, o propriet\u00e1rio foi levado \u00e0 Central de Pol\u00edcia Judici\u00e1ria onde foi detido em flagrante pelo delegado. O processo legal seguir\u00e1 seu curso.<\/p>\n\n\n\n<p>\u201c\u00c9 importante enfatizar que a popula\u00e7\u00e3o precisa compreender que maus-tratos a animais configuram um crime grave e inafian\u00e7\u00e1vel. Este caso se torna mais um exemplo para lembrar a todos em Ourinhos que a Prefeitura est\u00e1 acompanhando de perto esses processos, demonstrando que tais atos n\u00e3o ser\u00e3o tolerados\u201d, disse o secret\u00e1rio Maur\u00edcio Amorosin.<\/p>\n<input type=\"hidden\" id=\"baseurl\" value=\"https:\/\/noticiasregionais.com.br\"><input type=\"hidden\" id=\"audio_nonce\" value=\"533fbb67b1\">","protected":false},"excerpt":{"rendered":"<p>Na manh\u00e3 de ter\u00e7a-feira (29), uma a\u00e7\u00e3o conjunta envolvendo a Secretaria Municipal de Meio Ambiente e Agricultura, a Guarda Civil&hellip;<\/p>\n","protected":false},"author":1,"featured_media":30,"comment_status":"closed","ping_status":"open","sticky":false,"template":"","format":"standard","meta":{"sfsi_plus_gutenberg_text_before_share":"","sfsi_plus_gutenberg_show_text_before_share":"","sfsi_plus_gutenberg_icon_type":"","sfsi_plus_gutenberg_icon_alignemt":"","sfsi_plus_gutenburg_max_per_row":"","footnotes":""},"categories":[10,1,5],"tags":[],"class_list":["post-29","post","type-post","status-publish","format-standard","has-post-thumbnail","hentry","category-destaques","category-noticias","category-ourinhos"],"_links":{"self":[{"href":"https:\/\/noticiasregionais.com.br\/index.php?rest_route=\/wp\/v2\/posts\/29","targetHints":{"allow":["GET"]}}],"collection":[{"href":"https:\/\/noticiasregionais.com.br\/index.php?rest_route=\/wp\/v2\/posts"}],"about":[{"href":"https:\/\/noticiasregionais.com.br\/index.php?rest_route=\/wp\/v2\/types\/post"}],"author":[{"embeddable":true,"href":"https:\/\/noticiasregionais.com.br\/index.php?rest_route=\/wp\/v2\/users\/1"}],"replies":[{"embeddable":true,"href":"https:\/\/noticiasregionais.com.br\/index.php?rest_route=%2Fwp%2Fv2%2Fcomments&post=29"}],"version-history":[{"count":1,"href":"https:\/\/noticiasregionais.com.br\/index.php?rest_route=\/wp\/v2\/posts\/29\/revisions"}],"predecessor-version":[{"id":31,"href":"https:\/\/noticiasregionais.com.br\/index.php?rest_route=\/wp\/v2\/posts\/29\/revisions\/31"}],"wp:featuredmedia":[{"embeddable":true,"href":"https:\/\/noticiasregionais.com.br\/index.php?rest_route=\/wp\/v2\/media\/30"}],"wp:attachment":[{"href":"https:\/\/noticiasregionais.com.br\/index.php?rest_route=%2Fwp%2Fv2%2Fmedia&parent=29"}],"wp:term":[{"taxonomy":"category","embeddable":true,"href":"https:\/\/noticiasregionais.com.br\/index.php?rest_route=%2Fwp%2Fv2%2Fcategories&post=29"},{"taxonomy":"post_tag","embeddable":true,"href":"https:\/\/noticiasregionais.com.br\/index.php?rest_route=%2Fwp%2Fv2%2Ftags&post=29"}],"curies":[{"name":"wp","href":"https:\/\/api.w.org\/{rel}","templated":true}]}}