{"id":290,"date":"2023-09-07T18:37:30","date_gmt":"2023-09-07T21:37:30","guid":{"rendered":"https:\/\/noticiasregionais.com.br\/?p=290"},"modified":"2023-09-07T18:51:59","modified_gmt":"2023-09-07T21:51:59","slug":"homem-e-encontrado-morto-em-atropelamento-em-ourinhos","status":"publish","type":"post","link":"https:\/\/noticiasregionais.com.br\/?p=290","title":{"rendered":"Homem \u00e9 encontrado morto em atropelamento em Ourinhos"},"content":{"rendered":"\n<p>Um homem foi encontrado morto em um atropelamento na tarde desta quinta-feira (7), na Rua S\u00e9rgio Oliveira de Moraes na altura do numero 33, na Vila S\u00e3o Luiz, em Ourinhos.<\/p>\n\n\n\n<p>Segundo informa\u00e7\u00f5es preliminares, a v\u00edtima, foi atravessar a via quando foi atingida por um ve\u00edculo. O motorista fugiu do local sem prestar socorro.<\/p>\n\n\n\n<p>O corpo foi localizado por um motociclista que passava pelo local. Ele acionou o Servi\u00e7o de Atendimento M\u00f3vel de Urg\u00eancia (SAMU), que ao chegar ao local constatou o \u00f3bito da v\u00edtima.<\/p>\n\n\n\n<p>A Pol\u00edcia Militar, a Pol\u00edcia Civil e o Instituto de Criminal\u00edstica foram acionados para atender a ocorr\u00eancia. As investiga\u00e7\u00f5es est\u00e3o em andamento para identificar e localizar o respons\u00e1vel pelo atropelamento.<\/p>\n\n\n\n<p>A v\u00edtima foi identificada por seu seu pai como sendo Leandro Geraldo Maso de 28 anos, morador do Jardim do Sol. Ele tinha uma tatuagem de um drag\u00e3o na perna esquerda e vestia bermuda, camiseta verde e bon\u00e9 claro.<\/p>\n\n\n\n<p>As autoridades pedem que qualquer informa\u00e7\u00e3o que possa ajudar nas investiga\u00e7\u00f5es sejam repassadas para a Pol\u00edcia Militar pelo telefone 190.<\/p>\n<input type=\"hidden\" id=\"baseurl\" value=\"https:\/\/noticiasregionais.com.br\"><input type=\"hidden\" id=\"audio_nonce\" value=\"533fbb67b1\">","protected":false},"excerpt":{"rendered":"<p>Um homem foi encontrado morto em um atropelamento na tarde desta quinta-feira (7), na Rua S\u00e9rgio Oliveira de Moraes na&hellip;<\/p>\n","protected":false},"author":1,"featured_media":291,"comment_status":"closed","ping_status":"open","sticky":false,"template":"","format":"standard","meta":{"sfsi_plus_gutenberg_text_before_share":"","sfsi_plus_gutenberg_show_text_before_share":"","sfsi_plus_gutenberg_icon_type":"","sfsi_plus_gutenberg_icon_alignemt":"","sfsi_plus_gutenburg_max_per_row":"","footnotes":""},"categories":[5,10,1],"tags":[],"class_list":["post-290","post","type-post","status-publish","format-standard","has-post-thumbnail","hentry","category-ourinhos","category-destaques","category-noticias"],"_links":{"self":[{"href":"https:\/\/noticiasregionais.com.br\/index.php?rest_route=\/wp\/v2\/posts\/290","targetHints":{"allow":["GET"]}}],"collection":[{"href":"https:\/\/noticiasregionais.com.br\/index.php?rest_route=\/wp\/v2\/posts"}],"about":[{"href":"https:\/\/noticiasregionais.com.br\/index.php?rest_route=\/wp\/v2\/types\/post"}],"author":[{"embeddable":true,"href":"https:\/\/noticiasregionais.com.br\/index.php?rest_route=\/wp\/v2\/users\/1"}],"replies":[{"embeddable":true,"href":"https:\/\/noticiasregionais.com.br\/index.php?rest_route=%2Fwp%2Fv2%2Fcomments&post=290"}],"version-history":[{"count":4,"href":"https:\/\/noticiasregionais.com.br\/index.php?rest_route=\/wp\/v2\/posts\/290\/revisions"}],"predecessor-version":[{"id":296,"href":"https:\/\/noticiasregionais.com.br\/index.php?rest_route=\/wp\/v2\/posts\/290\/revisions\/296"}],"wp:featuredmedia":[{"embeddable":true,"href":"https:\/\/noticiasregionais.com.br\/index.php?rest_route=\/wp\/v2\/media\/291"}],"wp:attachment":[{"href":"https:\/\/noticiasregionais.com.br\/index.php?rest_route=%2Fwp%2Fv2%2Fmedia&parent=290"}],"wp:term":[{"taxonomy":"category","embeddable":true,"href":"https:\/\/noticiasregionais.com.br\/index.php?rest_route=%2Fwp%2Fv2%2Fcategories&post=290"},{"taxonomy":"post_tag","embeddable":true,"href":"https:\/\/noticiasregionais.com.br\/index.php?rest_route=%2Fwp%2Fv2%2Ftags&post=290"}],"curies":[{"name":"wp","href":"https:\/\/api.w.org\/{rel}","templated":true}]}}