{"id":2900,"date":"2024-05-13T08:16:55","date_gmt":"2024-05-13T11:16:55","guid":{"rendered":"https:\/\/noticiasregionais.com.br\/?p=2900"},"modified":"2024-05-13T08:21:26","modified_gmt":"2024-05-13T11:21:26","slug":"quase-meia-tonelada-de-maconha-apreendida-em-londrina","status":"publish","type":"post","link":"https:\/\/noticiasregionais.com.br\/?p=2900","title":{"rendered":"Quase meia tonelada de maconha apreendida em Ura\u00ed, no norte do Paran\u00e1"},"content":{"rendered":"\n<p>Em uma a\u00e7\u00e3o realizada na manh\u00e3 deste domingo (12), equipes da PRF (Pol\u00edcia Rodovi\u00e1ria Federal) de Londrina apreenderam 476,5 kg de maconha escondidos em uma carga de p\u00f3 de serra. A droga estava sendo transportada na carroceria de um caminh\u00e3o na BR-369, no km 117.<\/p>\n\n\n\n<p>Durante a abordagem, os policiais perceberam irregularidades na carga e, ao realizar a vistoria, encontraram os tabletes de maconha cuidadosamente embalados e misturados ao p\u00f3 de serra. O condutor do caminh\u00e3o, um homem de 30 anos, foi preso em flagrante e confessou que a droga seria entregue no estado de S\u00e3o Paulo.<\/p>\n\n\n\n<p>A apreens\u00e3o, que totalizou quase meia tonelada de maconha, \u00e9 considerada uma das maiores j\u00e1 realizadas pela PRF na regi\u00e3o. O homem preso foi encaminhado \u00e0 Pol\u00edcia Civil de Londrina, onde responder\u00e1 por tr\u00e1fico de drogas.<\/p>\n\n\n\n<p><strong>Combate ao tr\u00e1fico<\/strong><\/p>\n\n\n\n<p>A a\u00e7\u00e3o da PRF refor\u00e7a o compromisso da institui\u00e7\u00e3o no combate ao tr\u00e1fico de drogas nas rodovias federais. A apreens\u00e3o de hoje contribui para tirar um grande volume de entorpecentes das ruas e reduzir os riscos \u00e0 seguran\u00e7a p\u00fablica.<\/p>\n\n\n\n<p><strong>Sobre a PRF<\/strong><\/p>\n\n\n\n<p>A Pol\u00edcia Rodovi\u00e1ria Federal \u00e9 um \u00f3rg\u00e3o de Estado, subordinado ao Minist\u00e9rio da Justi\u00e7a e Seguran\u00e7a P\u00fablica, com a miss\u00e3o de policiar as rodovias federais e garantir a seguran\u00e7a, a fluidez e o conforto dos usu\u00e1rios. A PRF atua em todo o territ\u00f3rio nacional, com mais de 30 mil policiais rodovi\u00e1rios federais e um efetivo de cerca de 8 mil viaturas.<\/p>\n\n\n\n<figure class=\"wp-block-gallery has-nested-images columns-4 is-cropped wp-block-gallery-1 is-layout-flex wp-block-gallery-is-layout-flex\">\n<figure class=\"wp-block-image size-large\"><a href=\"https:\/\/noticiasregionais.com.br\/wp-content\/uploads\/2024\/05\/Maconha-2.png\"><img decoding=\"async\" width=\"508\" height=\"669\" data-id=\"2903\" src=\"https:\/\/noticiasregionais.com.br\/wp-content\/uploads\/2024\/05\/Maconha-2.png\" alt=\"\" class=\"wp-image-2903\" srcset=\"https:\/\/noticiasregionais.com.br\/wp-content\/uploads\/2024\/05\/Maconha-2.png 508w, https:\/\/noticiasregionais.com.br\/wp-content\/uploads\/2024\/05\/Maconha-2-228x300.png 228w\" sizes=\"(max-width: 508px) 100vw, 508px\" \/><\/a><\/figure>\n\n\n\n<figure class=\"wp-block-image size-large\"><a href=\"https:\/\/noticiasregionais.com.br\/wp-content\/uploads\/2024\/05\/Maconha.png\"><img decoding=\"async\" width=\"508\" height=\"595\" data-id=\"2904\" src=\"https:\/\/noticiasregionais.com.br\/wp-content\/uploads\/2024\/05\/Maconha.png\" alt=\"\" class=\"wp-image-2904\" srcset=\"https:\/\/noticiasregionais.com.br\/wp-content\/uploads\/2024\/05\/Maconha.png 508w, https:\/\/noticiasregionais.com.br\/wp-content\/uploads\/2024\/05\/Maconha-256x300.png 256w\" sizes=\"(max-width: 508px) 100vw, 508px\" \/><\/a><\/figure>\n\n\n\n<figure class=\"wp-block-image size-large\"><a href=\"https:\/\/noticiasregionais.com.br\/wp-content\/uploads\/2024\/05\/WhatsApp-Image-2024-05-12-at-12.30.131.jpeg\"><img decoding=\"async\" width=\"1024\" height=\"576\" data-id=\"2902\" src=\"https:\/\/noticiasregionais.com.br\/wp-content\/uploads\/2024\/05\/WhatsApp-Image-2024-05-12-at-12.30.131-1024x576.jpeg\" alt=\"\" class=\"wp-image-2902\" srcset=\"https:\/\/noticiasregionais.com.br\/wp-content\/uploads\/2024\/05\/WhatsApp-Image-2024-05-12-at-12.30.131-1024x576.jpeg 1024w, https:\/\/noticiasregionais.com.br\/wp-content\/uploads\/2024\/05\/WhatsApp-Image-2024-05-12-at-12.30.131-300x169.jpeg 300w, https:\/\/noticiasregionais.com.br\/wp-content\/uploads\/2024\/05\/WhatsApp-Image-2024-05-12-at-12.30.131-768x432.jpeg 768w, https:\/\/noticiasregionais.com.br\/wp-content\/uploads\/2024\/05\/WhatsApp-Image-2024-05-12-at-12.30.131-1536x864.jpeg 1536w, https:\/\/noticiasregionais.com.br\/wp-content\/uploads\/2024\/05\/WhatsApp-Image-2024-05-12-at-12.30.131.jpeg 1600w\" sizes=\"(max-width: 1024px) 100vw, 1024px\" \/><\/a><\/figure>\n\n\n\n<figure class=\"wp-block-image size-large\"><a href=\"https:\/\/noticiasregionais.com.br\/wp-content\/uploads\/2024\/05\/WhatsApp-Image-2024-05-12-at-12.30.14.jpeg\"><img decoding=\"async\" width=\"576\" height=\"1024\" data-id=\"2901\" src=\"https:\/\/noticiasregionais.com.br\/wp-content\/uploads\/2024\/05\/WhatsApp-Image-2024-05-12-at-12.30.14-576x1024.jpeg\" alt=\"\" class=\"wp-image-2901\" srcset=\"https:\/\/noticiasregionais.com.br\/wp-content\/uploads\/2024\/05\/WhatsApp-Image-2024-05-12-at-12.30.14-576x1024.jpeg 576w, https:\/\/noticiasregionais.com.br\/wp-content\/uploads\/2024\/05\/WhatsApp-Image-2024-05-12-at-12.30.14-169x300.jpeg 169w, https:\/\/noticiasregionais.com.br\/wp-content\/uploads\/2024\/05\/WhatsApp-Image-2024-05-12-at-12.30.14.jpeg 720w\" sizes=\"(max-width: 576px) 100vw, 576px\" \/><\/a><\/figure>\n<\/figure>\n<input type=\"hidden\" id=\"baseurl\" value=\"https:\/\/noticiasregionais.com.br\"><input type=\"hidden\" id=\"audio_nonce\" value=\"533fbb67b1\">","protected":false},"excerpt":{"rendered":"<p>Em uma a\u00e7\u00e3o realizada na manh\u00e3 deste domingo (12), equipes da PRF (Pol\u00edcia Rodovi\u00e1ria Federal) de Londrina apreenderam 476,5 kg&hellip;<\/p>\n","protected":false},"author":1,"featured_media":2905,"comment_status":"closed","ping_status":"open","sticky":false,"template":"","format":"standard","meta":{"sfsi_plus_gutenberg_text_before_share":"","sfsi_plus_gutenberg_show_text_before_share":"","sfsi_plus_gutenberg_icon_type":"","sfsi_plus_gutenberg_icon_alignemt":"","sfsi_plus_gutenburg_max_per_row":"","footnotes":""},"categories":[7,10,1],"tags":[],"class_list":["post-2900","post","type-post","status-publish","format-standard","has-post-thumbnail","hentry","category-parana","category-destaques","category-noticias"],"_links":{"self":[{"href":"https:\/\/noticiasregionais.com.br\/index.php?rest_route=\/wp\/v2\/posts\/2900","targetHints":{"allow":["GET"]}}],"collection":[{"href":"https:\/\/noticiasregionais.com.br\/index.php?rest_route=\/wp\/v2\/posts"}],"about":[{"href":"https:\/\/noticiasregionais.com.br\/index.php?rest_route=\/wp\/v2\/types\/post"}],"author":[{"embeddable":true,"href":"https:\/\/noticiasregionais.com.br\/index.php?rest_route=\/wp\/v2\/users\/1"}],"replies":[{"embeddable":true,"href":"https:\/\/noticiasregionais.com.br\/index.php?rest_route=%2Fwp%2Fv2%2Fcomments&post=2900"}],"version-history":[{"count":2,"href":"https:\/\/noticiasregionais.com.br\/index.php?rest_route=\/wp\/v2\/posts\/2900\/revisions"}],"predecessor-version":[{"id":2907,"href":"https:\/\/noticiasregionais.com.br\/index.php?rest_route=\/wp\/v2\/posts\/2900\/revisions\/2907"}],"wp:featuredmedia":[{"embeddable":true,"href":"https:\/\/noticiasregionais.com.br\/index.php?rest_route=\/wp\/v2\/media\/2905"}],"wp:attachment":[{"href":"https:\/\/noticiasregionais.com.br\/index.php?rest_route=%2Fwp%2Fv2%2Fmedia&parent=2900"}],"wp:term":[{"taxonomy":"category","embeddable":true,"href":"https:\/\/noticiasregionais.com.br\/index.php?rest_route=%2Fwp%2Fv2%2Fcategories&post=2900"},{"taxonomy":"post_tag","embeddable":true,"href":"https:\/\/noticiasregionais.com.br\/index.php?rest_route=%2Fwp%2Fv2%2Ftags&post=2900"}],"curies":[{"name":"wp","href":"https:\/\/api.w.org\/{rel}","templated":true}]}}