{"id":2911,"date":"2024-05-15T08:25:05","date_gmt":"2024-05-15T11:25:05","guid":{"rendered":"https:\/\/noticiasregionais.com.br\/?p=2911"},"modified":"2024-05-15T08:29:19","modified_gmt":"2024-05-15T11:29:19","slug":"policia-militar-prende-traficante-e-apreende-grande-quantidade-de-drogas-em-ourinhos","status":"publish","type":"post","link":"https:\/\/noticiasregionais.com.br\/?p=2911","title":{"rendered":"BAEP e DiSE prendem traficante e apreendem grande quantidade de drogas em Ourinhos"},"content":{"rendered":"\n<p><a href=\"https:\/\/noticiasregionais.com.br\/?p=2482\" target=\"_blank\" rel=\"noreferrer noopener\"><\/a>A Pol\u00edcia Militar, por meio da Equipe K9 do 13\u00ba Batalh\u00e3o de A\u00e7\u00f5es Especiais de Pol\u00edcia (BAEP), em conjunto com a Pol\u00edcia Civil, prendeu um indiv\u00edduo em flagrante pelo crime de tr\u00e1fico de drogas na tarde de ontem (14). A a\u00e7\u00e3o aconteceu na Rua Francisca Alves de Camargo, no Jardim Helena Braz Vendramini, em Ourinhos.<\/p>\n\n\n\n<p>Ap\u00f3s receber um mandado de busca e apreens\u00e3o, a equipe K9 se dirigiu ao local indicado. Durante a opera\u00e7\u00e3o, o c\u00e3o farejador Draco indicou a presen\u00e7a de drogas no telhado de uma das casas abandonadas. Na vistoria, os policiais localizaram &#8220;tijolos&#8221; de coca\u00edna escondidos no local.<\/p>\n\n\n\n<p>Em seguida, a equipe realizou busca em outra casa abandonada na mesma rua. Com a ajuda do c\u00e3o farejador, os policiais encontraram uma churrasqueira que ocultava por\u00e7\u00f5es de maconha, crack, coca\u00edna, al\u00e9m de uma faca e balan\u00e7a.<\/p>\n\n\n\n<p>Ao final da opera\u00e7\u00e3o, a equipe K9 apreendeu um total de 4,208 kg de coca\u00edna, 0,193 kg de maconha e 0,007 kg de crack. O suspeito foi preso em flagrante e encaminhado para a Delegacia de Investiga\u00e7\u00f5es Sobre Entorpecentes (DISE) de Ourinhos, onde permaneceu \u00e0 disposi\u00e7\u00e3o da Justi\u00e7a.<\/p>\n\n\n\n<p><strong>A\u00e7\u00e3o conjunta das for\u00e7as de seguran\u00e7a<\/strong><\/p>\n\n\n\n<p>A opera\u00e7\u00e3o, que resultou na pris\u00e3o do traficante e na apreens\u00e3o de grande quantidade de drogas, demonstra o compromisso da Pol\u00edcia Militar e da Pol\u00edcia Civil no combate ao tr\u00e1fico de drogas em Ourinhos. A a\u00e7\u00e3o conjunta das for\u00e7as de seguran\u00e7a demonstra a uni\u00e3o das pol\u00edcias na busca por um futuro mais seguro para a comunidade.<\/p>\n\n\n\n<p><strong>Importante:<\/strong><\/p>\n\n\n\n<ul class=\"wp-block-list\">\n<li>A investiga\u00e7\u00e3o segue em andamento para identificar outros envolvidos no esquema de tr\u00e1fico de drogas.<\/li>\n\n\n\n<li>A Pol\u00edcia Civil solicita a colabora\u00e7\u00e3o da popula\u00e7\u00e3o para denunciar o tr\u00e1fico de drogas. As den\u00fancias podem ser feitas de forma an\u00f4nima pelo telefone 181.<\/li>\n<\/ul>\n\n\n\n<p><strong>Informa\u00e7\u00f5es adicionais:<\/strong><\/p>\n\n\n\n<ul class=\"wp-block-list\">\n<li><strong>Data:<\/strong> 14\/05\/2024<\/li>\n\n\n\n<li><strong>Hor\u00e1rio:<\/strong> 11h30<\/li>\n\n\n\n<li><strong>Local:<\/strong> Rua Francisca Alves de Camargo, Jardim Helena Braz Vendramini, Ourinhos<\/li>\n\n\n\n<li><strong>Drogas apreendidas:<\/strong> 4,208 kg de coca\u00edna, 0,193 kg de maconha e 0,007 kg de crack<\/li>\n<\/ul>\n\n\n\n<figure class=\"wp-block-gallery has-nested-images columns-default is-cropped wp-block-gallery-1 is-layout-flex wp-block-gallery-is-layout-flex\">\n<figure class=\"wp-block-image size-large\"><a href=\"https:\/\/noticiasregionais.com.br\/wp-content\/uploads\/2024\/05\/WhatsApp-Image-2024-05-15-at-08.11.26-1.jpeg\"><img decoding=\"async\" width=\"950\" height=\"758\" data-id=\"2912\" src=\"https:\/\/noticiasregionais.com.br\/wp-content\/uploads\/2024\/05\/WhatsApp-Image-2024-05-15-at-08.11.26-1.jpeg\" alt=\"\" class=\"wp-image-2912\" srcset=\"https:\/\/noticiasregionais.com.br\/wp-content\/uploads\/2024\/05\/WhatsApp-Image-2024-05-15-at-08.11.26-1.jpeg 950w, https:\/\/noticiasregionais.com.br\/wp-content\/uploads\/2024\/05\/WhatsApp-Image-2024-05-15-at-08.11.26-1-300x239.jpeg 300w, https:\/\/noticiasregionais.com.br\/wp-content\/uploads\/2024\/05\/WhatsApp-Image-2024-05-15-at-08.11.26-1-768x613.jpeg 768w\" sizes=\"(max-width: 950px) 100vw, 950px\" \/><\/a><\/figure>\n\n\n\n<figure class=\"wp-block-image size-large\"><a href=\"https:\/\/noticiasregionais.com.br\/wp-content\/uploads\/2024\/05\/WhatsApp-Image-2024-05-15-at-08.11.26.jpeg\"><img decoding=\"async\" width=\"704\" height=\"1024\" data-id=\"2913\" src=\"https:\/\/noticiasregionais.com.br\/wp-content\/uploads\/2024\/05\/WhatsApp-Image-2024-05-15-at-08.11.26-704x1024.jpeg\" alt=\"\" class=\"wp-image-2913\" srcset=\"https:\/\/noticiasregionais.com.br\/wp-content\/uploads\/2024\/05\/WhatsApp-Image-2024-05-15-at-08.11.26-704x1024.jpeg 704w, https:\/\/noticiasregionais.com.br\/wp-content\/uploads\/2024\/05\/WhatsApp-Image-2024-05-15-at-08.11.26-206x300.jpeg 206w, https:\/\/noticiasregionais.com.br\/wp-content\/uploads\/2024\/05\/WhatsApp-Image-2024-05-15-at-08.11.26-768x1117.jpeg 768w, https:\/\/noticiasregionais.com.br\/wp-content\/uploads\/2024\/05\/WhatsApp-Image-2024-05-15-at-08.11.26.jpeg 900w\" sizes=\"(max-width: 704px) 100vw, 704px\" \/><\/a><\/figure>\n\n\n\n<figure class=\"wp-block-image size-large\"><a href=\"https:\/\/noticiasregionais.com.br\/wp-content\/uploads\/2024\/05\/WhatsApp-Image-2024-05-15-at-08.11.25.jpeg\"><img decoding=\"async\" width=\"461\" height=\"1024\" data-id=\"2914\" src=\"https:\/\/noticiasregionais.com.br\/wp-content\/uploads\/2024\/05\/WhatsApp-Image-2024-05-15-at-08.11.25-461x1024.jpeg\" alt=\"\" class=\"wp-image-2914\" srcset=\"https:\/\/noticiasregionais.com.br\/wp-content\/uploads\/2024\/05\/WhatsApp-Image-2024-05-15-at-08.11.25-461x1024.jpeg 461w, https:\/\/noticiasregionais.com.br\/wp-content\/uploads\/2024\/05\/WhatsApp-Image-2024-05-15-at-08.11.25-135x300.jpeg 135w, https:\/\/noticiasregionais.com.br\/wp-content\/uploads\/2024\/05\/WhatsApp-Image-2024-05-15-at-08.11.25-691x1536.jpeg 691w, https:\/\/noticiasregionais.com.br\/wp-content\/uploads\/2024\/05\/WhatsApp-Image-2024-05-15-at-08.11.25.jpeg 720w\" sizes=\"(max-width: 461px) 100vw, 461px\" \/><\/a><\/figure>\n<\/figure>\n<input type=\"hidden\" id=\"baseurl\" value=\"https:\/\/noticiasregionais.com.br\"><input type=\"hidden\" id=\"audio_nonce\" value=\"533fbb67b1\">","protected":false},"excerpt":{"rendered":"<p>A Pol\u00edcia Militar, por meio da Equipe K9 do 13\u00ba Batalh\u00e3o de A\u00e7\u00f5es Especiais de Pol\u00edcia (BAEP), em conjunto com&hellip;<\/p>\n","protected":false},"author":1,"featured_media":2915,"comment_status":"closed","ping_status":"open","sticky":false,"template":"","format":"standard","meta":{"sfsi_plus_gutenberg_text_before_share":"","sfsi_plus_gutenberg_show_text_before_share":"","sfsi_plus_gutenberg_icon_type":"","sfsi_plus_gutenberg_icon_alignemt":"","sfsi_plus_gutenburg_max_per_row":"","footnotes":""},"categories":[5,12,1],"tags":[],"class_list":["post-2911","post","type-post","status-publish","format-standard","has-post-thumbnail","hentry","category-ourinhos","category-capa","category-noticias"],"_links":{"self":[{"href":"https:\/\/noticiasregionais.com.br\/index.php?rest_route=\/wp\/v2\/posts\/2911","targetHints":{"allow":["GET"]}}],"collection":[{"href":"https:\/\/noticiasregionais.com.br\/index.php?rest_route=\/wp\/v2\/posts"}],"about":[{"href":"https:\/\/noticiasregionais.com.br\/index.php?rest_route=\/wp\/v2\/types\/post"}],"author":[{"embeddable":true,"href":"https:\/\/noticiasregionais.com.br\/index.php?rest_route=\/wp\/v2\/users\/1"}],"replies":[{"embeddable":true,"href":"https:\/\/noticiasregionais.com.br\/index.php?rest_route=%2Fwp%2Fv2%2Fcomments&post=2911"}],"version-history":[{"count":2,"href":"https:\/\/noticiasregionais.com.br\/index.php?rest_route=\/wp\/v2\/posts\/2911\/revisions"}],"predecessor-version":[{"id":2917,"href":"https:\/\/noticiasregionais.com.br\/index.php?rest_route=\/wp\/v2\/posts\/2911\/revisions\/2917"}],"wp:featuredmedia":[{"embeddable":true,"href":"https:\/\/noticiasregionais.com.br\/index.php?rest_route=\/wp\/v2\/media\/2915"}],"wp:attachment":[{"href":"https:\/\/noticiasregionais.com.br\/index.php?rest_route=%2Fwp%2Fv2%2Fmedia&parent=2911"}],"wp:term":[{"taxonomy":"category","embeddable":true,"href":"https:\/\/noticiasregionais.com.br\/index.php?rest_route=%2Fwp%2Fv2%2Fcategories&post=2911"},{"taxonomy":"post_tag","embeddable":true,"href":"https:\/\/noticiasregionais.com.br\/index.php?rest_route=%2Fwp%2Fv2%2Ftags&post=2911"}],"curies":[{"name":"wp","href":"https:\/\/api.w.org\/{rel}","templated":true}]}}