{"id":2918,"date":"2024-05-15T08:46:26","date_gmt":"2024-05-15T11:46:26","guid":{"rendered":"https:\/\/noticiasregionais.com.br\/?p=2918"},"modified":"2024-05-15T08:46:38","modified_gmt":"2024-05-15T11:46:38","slug":"policia-militar-prende-traficante-e-apreende-drogas-no-jardim-sao-carlos-ourinhoso","status":"publish","type":"post","link":"https:\/\/noticiasregionais.com.br\/?p=2918","title":{"rendered":"Pol\u00edcia Militar prende traficante e apreende drogas no Jardim S\u00e3o Carlos, OurinhosO"},"content":{"rendered":"\n<p>A Pol\u00edcia Militar, por meio da Equipe K9 do 13\u00ba Batalh\u00e3o de A\u00e7\u00f5es Especiais de Pol\u00edcia (BAEP), em conjunto com a Pol\u00edcia Civil, prendeu um homem de 20 anos pelo crime de tr\u00e1fico de drogas na manh\u00e3 de ontem (14). A a\u00e7\u00e3o aconteceu na Rua Jo\u00e3o Matias Graciano, no Jardim S\u00e3o Carlos, em Ourinhos.<\/p>\n\n\n\n<p>Ap\u00f3s receber um mandado de busca e apreens\u00e3o, a equipe K9 se dirigiu ao local indicado. Durante a opera\u00e7\u00e3o, os policiais abordaram o suspeito, Kaio I. A., em via p\u00fablica enquanto ele conduzia uma motocicleta Honda CG 150 vermelha. Na busca pessoal, foi encontrada com ele uma por\u00e7\u00e3o de &#8220;haxixe&#8221; (0,009 kg) e um aparelho celular.<\/p>\n\n\n\n<p>Em seguida, a equipe K9 se dirigiu \u00e0 resid\u00eancia de Kaio, onde, com a ajuda do c\u00e3o farejador, foram localizadas e apreendidas 23 &#8220;pedras de crack&#8221; (0,006 kg), 02 por\u00e7\u00f5es de maconha (0,010 kg), uma balan\u00e7a digital, faca e a quantia de R$ 140,00.<\/p>\n\n\n\n<p>Diante das provas, Kaio foi preso em flagrante pelo crime de tr\u00e1fico de drogas e encaminhado para a Delegacia de Investiga\u00e7\u00f5es Sobre Entorpecentes (DISE) de Ourinhos, onde permaneceu \u00e0 disposi\u00e7\u00e3o da Justi\u00e7a.<\/p>\n\n\n\n<p><strong>A\u00e7\u00e3o r\u00e1pida e precisa<\/strong><\/p>\n\n\n\n<p>A a\u00e7\u00e3o r\u00e1pida e precisa da equipe K9 do 13\u00ba BAEP resultou na pris\u00e3o de um traficante e na apreens\u00e3o de drogas que seriam distribu\u00eddas nas ruas de Ourinhos. A opera\u00e7\u00e3o demonstra o compromisso da Pol\u00edcia Militar em combater o crime organizado e garantir a seguran\u00e7a da popula\u00e7\u00e3o.<\/p>\n\n\n\n<p><strong>Importante:<\/strong><\/p>\n\n\n\n<p>A investiga\u00e7\u00e3o segue em andamento para identificar outros envolvidos no esquema de tr\u00e1fico de drogas.<br>A Pol\u00edcia Civil solicita a colabora\u00e7\u00e3o da popula\u00e7\u00e3o para denunciar o tr\u00e1fico de drogas. As den\u00fancias podem ser feitas de forma an\u00f4nima pelo telefone 181.<\/p>\n\n\n\n<p><br><strong>Informa\u00e7\u00f5es adicionais:<\/strong><\/p>\n\n\n\n<p>Data: 14\/05\/2024<br>Hor\u00e1rio: 09h30<br>Local: Rua Jo\u00e3o Matias Graciano, Jardim S\u00e3o Carlos, Ourinhos<br>Drogas apreendidas: 0,009 kg de haxixe, 0,006 kg de crack, 0,010 kg de maconha<br>Objetos apreendidos: Balan\u00e7a digital, faca, R$ 140,00<br>Acusado: Kaio I. A. (20 anos)<\/p>\n<input type=\"hidden\" id=\"baseurl\" value=\"https:\/\/noticiasregionais.com.br\"><input type=\"hidden\" id=\"audio_nonce\" value=\"533fbb67b1\">","protected":false},"excerpt":{"rendered":"<p>A Pol\u00edcia Militar, por meio da Equipe K9 do 13\u00ba Batalh\u00e3o de A\u00e7\u00f5es Especiais de Pol\u00edcia (BAEP), em conjunto com&hellip;<\/p>\n","protected":false},"author":1,"featured_media":2919,"comment_status":"closed","ping_status":"open","sticky":false,"template":"","format":"standard","meta":{"sfsi_plus_gutenberg_text_before_share":"","sfsi_plus_gutenberg_show_text_before_share":"","sfsi_plus_gutenberg_icon_type":"","sfsi_plus_gutenberg_icon_alignemt":"","sfsi_plus_gutenburg_max_per_row":"","footnotes":""},"categories":[5,10,1],"tags":[],"class_list":["post-2918","post","type-post","status-publish","format-standard","has-post-thumbnail","hentry","category-ourinhos","category-destaques","category-noticias"],"_links":{"self":[{"href":"https:\/\/noticiasregionais.com.br\/index.php?rest_route=\/wp\/v2\/posts\/2918","targetHints":{"allow":["GET"]}}],"collection":[{"href":"https:\/\/noticiasregionais.com.br\/index.php?rest_route=\/wp\/v2\/posts"}],"about":[{"href":"https:\/\/noticiasregionais.com.br\/index.php?rest_route=\/wp\/v2\/types\/post"}],"author":[{"embeddable":true,"href":"https:\/\/noticiasregionais.com.br\/index.php?rest_route=\/wp\/v2\/users\/1"}],"replies":[{"embeddable":true,"href":"https:\/\/noticiasregionais.com.br\/index.php?rest_route=%2Fwp%2Fv2%2Fcomments&post=2918"}],"version-history":[{"count":1,"href":"https:\/\/noticiasregionais.com.br\/index.php?rest_route=\/wp\/v2\/posts\/2918\/revisions"}],"predecessor-version":[{"id":2920,"href":"https:\/\/noticiasregionais.com.br\/index.php?rest_route=\/wp\/v2\/posts\/2918\/revisions\/2920"}],"wp:featuredmedia":[{"embeddable":true,"href":"https:\/\/noticiasregionais.com.br\/index.php?rest_route=\/wp\/v2\/media\/2919"}],"wp:attachment":[{"href":"https:\/\/noticiasregionais.com.br\/index.php?rest_route=%2Fwp%2Fv2%2Fmedia&parent=2918"}],"wp:term":[{"taxonomy":"category","embeddable":true,"href":"https:\/\/noticiasregionais.com.br\/index.php?rest_route=%2Fwp%2Fv2%2Fcategories&post=2918"},{"taxonomy":"post_tag","embeddable":true,"href":"https:\/\/noticiasregionais.com.br\/index.php?rest_route=%2Fwp%2Fv2%2Ftags&post=2918"}],"curies":[{"name":"wp","href":"https:\/\/api.w.org\/{rel}","templated":true}]}}