{"id":2921,"date":"2024-05-15T08:53:08","date_gmt":"2024-05-15T11:53:08","guid":{"rendered":"https:\/\/noticiasregionais.com.br\/?p=2921"},"modified":"2024-05-15T08:53:19","modified_gmt":"2024-05-15T11:53:19","slug":"requerimento-no-legislativo-de-ourinhos-cobra-explicacoes-sobre-falta-de-transporte-coletivo-em-dias-fundamentais","status":"publish","type":"post","link":"https:\/\/noticiasregionais.com.br\/?p=2921","title":{"rendered":"Requerimento no Legislativo de Ourinhos cobra explica\u00e7\u00f5es sobre falta de transporte coletivo em dias fundamentais."},"content":{"rendered":"\n<p class=\"has-text-align-center\"><strong>Vereadora Roberta Stopa apresenta Requerimento reiterando o pedido de informa\u00e7\u00f5es sobre os motivos de n\u00e3o ter \u00f4nibus circular aos domingos e tamb\u00e9m nos dias de vestibular e ENEM<\/strong><\/p>\n\n\n\n<p>A vereadora Roberta Stopa voltou a solicitar informa\u00e7\u00f5es sobre os motivos de n\u00e3o ter \u00f4nibus circular aos domingos e feriados. A parlamentar apresentou o Requerimento n\u00ba 480\/2024 reiterando o Requerimento n\u00ba1634\/2023, que questiona as raz\u00f5es de n\u00e3o ter transporte coletivo urbano nesses dias e tamb\u00e9m nas datas do vestibular da UNESP, das provas do ENEM e de outros vestibulares.<\/p>\n\n\n\n<p>\u201cReiteramos, pois n\u00e3o tivemos resposta, mesmo a Lei Org\u00e2nica do Munic\u00edpio estabelecendo que o Poder Executivo tem o prazo de 15 dias para responder os Requerimentos. Ano passado, trouxe o tema devido aos vestibulares e provas do ENEM, que aconteceram em novembro. N\u00e3o teve \u00f4nibus para vestibulares, para o ENEM e continua n\u00e3o tendo aos domingos e feriados\u201d, disse a vereadora.<\/p>\n\n\n\n<p>Roberta ressaltou que o transporte p\u00fablico \u00e9 um direito constitucional. \u201cAs pessoas t\u00eam garantido o direito de ir e vir. A empresa AVOA, que \u00e9 respons\u00e1vel pelo transporte coletivo urbano em Ourinhos, recebe R$ 400 mil por m\u00eas da Prefeitura para manter o servi\u00e7o e queremos saber porque aqui n\u00e3o temos garantido esse direito social\u201d.<\/p>\n\n\n\n<p>Por fim, a vereadora disse que aguarda a resposta. \u201cEspero respeito como nosso trabalho de fiscaliza\u00e7\u00e3o. Precisamos saber porque n\u00e3o tem transporte p\u00fablico nesses dias\u201d.<\/p>\n<input type=\"hidden\" id=\"baseurl\" value=\"https:\/\/noticiasregionais.com.br\"><input type=\"hidden\" id=\"audio_nonce\" value=\"533fbb67b1\">","protected":false},"excerpt":{"rendered":"<p>Vereadora Roberta Stopa apresenta Requerimento reiterando o pedido de informa\u00e7\u00f5es sobre os motivos de n\u00e3o ter \u00f4nibus circular aos domingos&hellip;<\/p>\n","protected":false},"author":1,"featured_media":2922,"comment_status":"closed","ping_status":"open","sticky":false,"template":"","format":"standard","meta":{"sfsi_plus_gutenberg_text_before_share":"","sfsi_plus_gutenberg_show_text_before_share":"","sfsi_plus_gutenberg_icon_type":"","sfsi_plus_gutenberg_icon_alignemt":"","sfsi_plus_gutenburg_max_per_row":"","footnotes":""},"categories":[5,10,1],"tags":[],"class_list":["post-2921","post","type-post","status-publish","format-standard","has-post-thumbnail","hentry","category-ourinhos","category-destaques","category-noticias"],"_links":{"self":[{"href":"https:\/\/noticiasregionais.com.br\/index.php?rest_route=\/wp\/v2\/posts\/2921","targetHints":{"allow":["GET"]}}],"collection":[{"href":"https:\/\/noticiasregionais.com.br\/index.php?rest_route=\/wp\/v2\/posts"}],"about":[{"href":"https:\/\/noticiasregionais.com.br\/index.php?rest_route=\/wp\/v2\/types\/post"}],"author":[{"embeddable":true,"href":"https:\/\/noticiasregionais.com.br\/index.php?rest_route=\/wp\/v2\/users\/1"}],"replies":[{"embeddable":true,"href":"https:\/\/noticiasregionais.com.br\/index.php?rest_route=%2Fwp%2Fv2%2Fcomments&post=2921"}],"version-history":[{"count":1,"href":"https:\/\/noticiasregionais.com.br\/index.php?rest_route=\/wp\/v2\/posts\/2921\/revisions"}],"predecessor-version":[{"id":2923,"href":"https:\/\/noticiasregionais.com.br\/index.php?rest_route=\/wp\/v2\/posts\/2921\/revisions\/2923"}],"wp:featuredmedia":[{"embeddable":true,"href":"https:\/\/noticiasregionais.com.br\/index.php?rest_route=\/wp\/v2\/media\/2922"}],"wp:attachment":[{"href":"https:\/\/noticiasregionais.com.br\/index.php?rest_route=%2Fwp%2Fv2%2Fmedia&parent=2921"}],"wp:term":[{"taxonomy":"category","embeddable":true,"href":"https:\/\/noticiasregionais.com.br\/index.php?rest_route=%2Fwp%2Fv2%2Fcategories&post=2921"},{"taxonomy":"post_tag","embeddable":true,"href":"https:\/\/noticiasregionais.com.br\/index.php?rest_route=%2Fwp%2Fv2%2Ftags&post=2921"}],"curies":[{"name":"wp","href":"https:\/\/api.w.org\/{rel}","templated":true}]}}