{"id":2925,"date":"2024-05-16T07:11:41","date_gmt":"2024-05-16T10:11:41","guid":{"rendered":"https:\/\/noticiasregionais.com.br\/?p=2925"},"modified":"2024-05-16T07:11:44","modified_gmt":"2024-05-16T10:11:44","slug":"imposto-de-renda-2024-termina-em-31-de-maio-prazo-para-envio-da-declaracao","status":"publish","type":"post","link":"https:\/\/noticiasregionais.com.br\/?p=2925","title":{"rendered":"Imposto de Renda 2024: termina em 31 de maio prazo para envio da declara\u00e7\u00e3o"},"content":{"rendered":"\n<p class=\"has-text-align-center\"><strong>No Rio Grande do Sul, o prazo foi prorrogado para 31 de agosto nos munic\u00edpios atingidos pelas enchentes<\/strong><\/p>\n\n\n\n<p>O prazo para enviar a declara\u00e7\u00e3o do Imposto de Renda de 2024 termina no dia 31 de maio. No Rio Grande do Sul, contudo, o prazo de entrega para os munic\u00edpios atingidos pelas enchentes foi prorrogado para 31 de agosto. As informa\u00e7\u00f5es foram divulgadas pela Receita Federal.<\/p>\n\n\n\n<p>Asafe Gon\u00e7alves, s\u00f3cio diretor do Asafe Gon\u00e7alves Advogados e especialista em direito tribut\u00e1rio, explica quem est\u00e1 isento do Imposto de Renda. \u201cAtualmente est\u00e3o isentos do Imposto de Renda indiv\u00edduos com renda mensal de at\u00e9 R$ 2.640,40, na ponta do l\u00e1pis. Para rendimentos superiores, v\u00e3o ser aplicadas al\u00edquotas progressivas de 7,5% a 27,5%.\u201d<\/p>\n\n\n\n<p>De acordo com a Receita Federal, at\u00e9 a manh\u00e3 desta quarta-feira (15)&nbsp;j\u00e1 foram entregues 25.229.399 declara\u00e7\u00f5es do Imposto de Renda 2024. A meta prevista \u00e9 de 43 milh\u00f5es de declara\u00e7\u00f5es at\u00e9 o final do prazo.<\/p>\n\n\n\n<p>O analista de sistemas Gabriel Gomes, de 26 anos, mora em Paulista, em Pernambuco. Ele diz&nbsp;que vai enviar a declara\u00e7\u00e3o do Imposto de Renda pela primeira vez neste ano. E comenta sobre como encarou essa novidade na sua vida financeira.<\/p>\n\n\n\n<p>\u201cNas \u00faltimas semanas, eu vi algumas not\u00edcias falando sobre o prazo da declara\u00e7\u00e3o do Imposto de Renda e lembrei que esse vai ser o primeiro ano que eu vou precisar declarar. Eu nunca fiz isso antes, ent\u00e3o provavelmente vou pedir ajuda de um contador para me auxiliar nessa tarefa&nbsp; \u2014 e pretendo entregar no prazo para n\u00e3o ter problemas.\u201d<\/p>\n\n\n\n<h2 class=\"wp-block-heading\">Como enviar a declara\u00e7\u00e3o?<\/h2>\n\n\n\n<p>A declara\u00e7\u00e3o pode ser enviada diretamente pela internet, por meio do <a href=\"https:\/\/mir.receita.fazenda.gov.br\/portalmir\" target=\"_blank\" rel=\"noopener\">portal \u201cMeu Imposto de Renda\u201d<\/a>.&nbsp;Para acessar, \u00e9 necess\u00e1rio ter uma conta gov.br com n\u00edvel prata ou ouro.<\/p>\n\n\n\n<p>Tamb\u00e9m \u00e9 poss\u00edvel enviar pelo celular ou <em>tablet,<\/em> utilizando aplicativo da Receita Federal, dispon\u00edvel na <em>App Store<\/em> e<em> Google Play.<\/em><\/p>\n\n\n\n<h2 class=\"wp-block-heading\">Multa para quem atrasa a entrega<\/h2>\n\n\n\n<p>Aqueles que s\u00e3o obrigados a apresentar a declara\u00e7\u00e3o e n\u00e3o o fizerem at\u00e9 essa data estar\u00e3o sujeitos a multas, alerta a Receita Federal.<\/p>\n\n\n\n<p>O valor da multa cobrada \u00e9 de 1% ao m\u00eas, sobre o valor do Imposto de Renda devido, com limite de 20% do total do Imposto de Renda. Al\u00e9m disso, o valor m\u00ednimo da multa \u00e9 de R$ 165,74.<\/p>\n\n\n\n<p><strong>Leia mais:<\/strong><\/p>\n\n\n\n<p><a href=\"https:\/\/brasil61.com\/n\/imposto-de-renda-veja-o-que-muda-no-pais-com-aprovacao-da-isencao-para-quem-ganha-ate-dois-salarios-minimos-bras2411540\" target=\"_blank\" rel=\"noopener\">Imposto de Renda: veja o que muda no Pa\u00eds com aprova\u00e7\u00e3o da isen\u00e7\u00e3o para quem ganha at\u00e9 dois sal\u00e1rios m\u00ednimos<\/a><\/p>\n\n\n\n<p><a href=\"https:\/\/brasil61.com\/n\/comeca-o-prazo-para-entrega-da-declaracao-do-imposto-de-renda-2024-bras2411241\" target=\"_blank\" rel=\"noopener\">Come\u00e7a o prazo para entrega da declara\u00e7\u00e3o do Imposto de Renda 2024<\/a><\/p>\n\n\n\n<p>Fonte: <a href=\"https:\/\/brasil61.com\/n\/imposto-de-renda-2024-termina-em-31-de-maio-prazo-para-envio-da-declaracao-bras2411689\" target=\"_blank\" rel=\"noreferrer noopener\">Brasil 61<\/a><\/p>\n<input type=\"hidden\" id=\"baseurl\" value=\"https:\/\/noticiasregionais.com.br\"><input type=\"hidden\" id=\"audio_nonce\" value=\"533fbb67b1\">","protected":false},"excerpt":{"rendered":"<p>No Rio Grande do Sul, o prazo foi prorrogado para 31 de agosto nos munic\u00edpios atingidos pelas enchentes O prazo&hellip;<\/p>\n","protected":false},"author":1,"featured_media":2926,"comment_status":"closed","ping_status":"open","sticky":false,"template":"","format":"standard","meta":{"sfsi_plus_gutenberg_text_before_share":"","sfsi_plus_gutenberg_show_text_before_share":"","sfsi_plus_gutenberg_icon_type":"","sfsi_plus_gutenberg_icon_alignemt":"","sfsi_plus_gutenburg_max_per_row":"","footnotes":""},"categories":[8,10,1],"tags":[],"class_list":["post-2925","post","type-post","status-publish","format-standard","has-post-thumbnail","hentry","category-brasil","category-destaques","category-noticias"],"_links":{"self":[{"href":"https:\/\/noticiasregionais.com.br\/index.php?rest_route=\/wp\/v2\/posts\/2925","targetHints":{"allow":["GET"]}}],"collection":[{"href":"https:\/\/noticiasregionais.com.br\/index.php?rest_route=\/wp\/v2\/posts"}],"about":[{"href":"https:\/\/noticiasregionais.com.br\/index.php?rest_route=\/wp\/v2\/types\/post"}],"author":[{"embeddable":true,"href":"https:\/\/noticiasregionais.com.br\/index.php?rest_route=\/wp\/v2\/users\/1"}],"replies":[{"embeddable":true,"href":"https:\/\/noticiasregionais.com.br\/index.php?rest_route=%2Fwp%2Fv2%2Fcomments&post=2925"}],"version-history":[{"count":1,"href":"https:\/\/noticiasregionais.com.br\/index.php?rest_route=\/wp\/v2\/posts\/2925\/revisions"}],"predecessor-version":[{"id":2927,"href":"https:\/\/noticiasregionais.com.br\/index.php?rest_route=\/wp\/v2\/posts\/2925\/revisions\/2927"}],"wp:featuredmedia":[{"embeddable":true,"href":"https:\/\/noticiasregionais.com.br\/index.php?rest_route=\/wp\/v2\/media\/2926"}],"wp:attachment":[{"href":"https:\/\/noticiasregionais.com.br\/index.php?rest_route=%2Fwp%2Fv2%2Fmedia&parent=2925"}],"wp:term":[{"taxonomy":"category","embeddable":true,"href":"https:\/\/noticiasregionais.com.br\/index.php?rest_route=%2Fwp%2Fv2%2Fcategories&post=2925"},{"taxonomy":"post_tag","embeddable":true,"href":"https:\/\/noticiasregionais.com.br\/index.php?rest_route=%2Fwp%2Fv2%2Ftags&post=2925"}],"curies":[{"name":"wp","href":"https:\/\/api.w.org\/{rel}","templated":true}]}}