{"id":2928,"date":"2024-05-16T07:17:23","date_gmt":"2024-05-16T10:17:23","guid":{"rendered":"https:\/\/noticiasregionais.com.br\/?p=2928"},"modified":"2024-05-16T07:17:26","modified_gmt":"2024-05-16T10:17:26","slug":"brasil-tem-apenas-oito-cidades-dentro-dos-padroes-de-excelencia-de-perda-de-agua-potavel","status":"publish","type":"post","link":"https:\/\/noticiasregionais.com.br\/?p=2928","title":{"rendered":"Brasil tem apenas oito cidades dentro dos padr\u00f5es de excel\u00eancia de perda de \u00e1gua pot\u00e1vel"},"content":{"rendered":"\n<p class=\"has-text-align-center\"><strong>Entre os munic\u00edpios nos padr\u00f5es de excel\u00eancia, tr\u00eas s\u00e3o da regi\u00e3o Centro-Oeste e cinco do Sudeste, aponta estudo do Trata Brasil<\/strong><\/p>\n\n\n\n<p>O Brasil ainda apresenta um quadro cr\u00edtico de brasileiros sem acesso \u00e0 \u00e1gua tratada nem sequer para lavar as m\u00e3os. Enquanto isso, boa parte da \u00e1gua ainda \u00e9 perdida antes mesmo de chegar \u00e0 casa das pessoas. Um estudo do Instituto Trata Brasil revela que apenas oito cidades brasileiras cumprem os padr\u00f5es de excel\u00eancia dos \u00edndices de perdas de \u00e1gua pot\u00e1vel, ou seja, que se preocupa com o desperd\u00edcio e a qualidade da \u00e1gua.<\/p>\n\n\n\n<p>Entre os munic\u00edpios que atendem aos padr\u00f5es de excel\u00eancia, tr\u00eas s\u00e3o da regi\u00e3o Centro-Oeste e cinco do Sudeste: Aparecida de Goi\u00e2nia (GO), Goi\u00e2nia (GO), Campo Grande (MS), Petr\u00f3polis (RJ), Campinas (SP), Limeira (SP), S\u00e3o Jos\u00e9 do Rio Preto (SP) e Tabo\u00e3o da Serra (SP).<\/p>\n\n\n\n<p>Para a presidente-executiva do Trata Brasil, Luana Pretto, esse resultado est\u00e1 muito abaixo do desejado para o Brasil atingir as metas de universaliza\u00e7\u00e3o dos servi\u00e7os at\u00e9 2033.<\/p>\n\n\n\n<p>\u201cSe o tema \u00e9 priorizado, existe um compromisso com essa agenda, um plano estruturado de saneamento b\u00e1sico, que tenha a previs\u00e3o correta de quais obras precisam ser realizadas, qual \u00e9 o volume de recursos necess\u00e1rio \u2014 uma an\u00e1lise em rela\u00e7\u00e3o a&nbsp;qual \u00e9 a melhor forma de modelo de gest\u00e3o para que esses investimentos aconte\u00e7am\u201d, avalia.&nbsp;<\/p>\n\n\n\n<p>Segundo o estudo, a \u00e1gua perdida no pa\u00eds poderia abastecer mais de 17 milh\u00f5es de pessoas que residem em \u00e1reas sem acesso aos servi\u00e7os b\u00e1sicos de saneamento por cerca de um ano e meio.<\/p>\n\n\n\n<h2 class=\"wp-block-heading\">Marco Legal do Saneamento<\/h2>\n\n\n\n<p>A partir da aprova\u00e7\u00e3o do novo Marco Legal do Saneamento (Lei n\u00ba 14.026), que aconteceu em 15 de julho de 2020, foram estabelecidas metas de universaliza\u00e7\u00e3o: todos os munic\u00edpios brasileiros devem atender a 99% da popula\u00e7\u00e3o com servi\u00e7os de \u00e1gua pot\u00e1vel \u2014 e ao menos 90% dos habitantes com coleta e tratamento de esgoto at\u00e9 2033.&nbsp; Mas isso dificilmente ser\u00e1 alcan\u00e7ado, na opini\u00e3o do especialista em saneamento da Imagem Geosistemas Diogo Reis<\/p>\n\n\n\n<p>Para o especialista, mesmo com avan\u00e7os significativos, o n\u00edvel de investimento brasileiro ainda est\u00e1 muito abaixo do necess\u00e1rio para alcan\u00e7ar resultados mais positivos. Ele acredita que uma boa parceria com a iniciativa privada poderia render melhores resultados.<\/p>\n\n\n\n<p>\u201cA iniciativa privada tem uma capacidade de investimento mais r\u00e1pida, tem uma certa &nbsp;celeridade \u2014 e a possibilidade de fazer aportes maiores na expans\u00e3o da infraestrutura. A gente tem visto a\u00ed nos pr\u00f3prios leil\u00f5es os lances que as empresas privadas, os cons\u00f3rcios t\u00eam dado nos leil\u00f5es. Eles t\u00eam um \u00e1gio bem alto com rela\u00e7\u00e3o ao previsto, ent\u00e3o acho que eles podem contribuir muito na acelera\u00e7\u00e3o dessa expans\u00e3o, muito pela capacidade de investimento. Se comparado \u00e0s pr\u00f3prias empresas p\u00fablicas\u201d, analisa.<\/p>\n\n\n\n<h2 class=\"wp-block-heading\">Cidades com menor \u00edndice de perda de \u00e1gua<\/h2>\n\n\n\n<p>Apesar dos n\u00fameros nacionais serem preocupantes, oito cidades t\u00eam como prioridade o controle das perdas de \u00e1gua e s\u00e3o exemplos positivos para outros munic\u00edpios do pa\u00eds. Os dados mostram que eles j\u00e1 se encontram nos padr\u00f5es de excel\u00eancia estabelecidos como meta, conforme Portaria 490\/2021 do MDR. Ou seja, 25% em perdas na distribui\u00e7\u00e3o (IN049) e de 216 L\/liga\u00e7\u00e3o\/dia em perdas volum\u00e9tricas (IN051).<\/p>\n\n\n\n<p>Conforme o estudo do Trata Brasil, casos como esses devem ser exemplos na busca de fomentar pol\u00edticas p\u00fablicas, projetos e inova\u00e7\u00f5es, visando a implanta\u00e7\u00e3o de programas estruturados de redu\u00e7\u00e3o de perdas de \u00e1gua.&nbsp;<\/p>\n\n\n\n<p>O levantamento aponta que a universaliza\u00e7\u00e3o do saneamento b\u00e1sico est\u00e1 diretamente atrelada aos esfor\u00e7os para efici\u00eancia no controle de perdas de \u00e1gua.&nbsp;Ou seja, o combate \u00e0s perdas ser\u00e1 imprescind\u00edvel para o acesso pleno do recurso a todos os brasileiros.<\/p>\n\n\n\n<p>Fonte: <a href=\"https:\/\/brasil61.com\/n\/brasil-tem-apenas-oito-cidades-dentro-dos-padroes-de-excelencia-de-perda-de-agua-potavel-bras2411666\" target=\"_blank\" rel=\"noreferrer noopener\">Brasil 61<\/a><\/p>\n<input type=\"hidden\" id=\"baseurl\" value=\"https:\/\/noticiasregionais.com.br\"><input type=\"hidden\" id=\"audio_nonce\" value=\"3cdc555a10\">","protected":false},"excerpt":{"rendered":"<p>Entre os munic\u00edpios nos padr\u00f5es de excel\u00eancia, tr\u00eas s\u00e3o da regi\u00e3o Centro-Oeste e cinco do Sudeste, aponta estudo do Trata&hellip;<\/p>\n","protected":false},"author":1,"featured_media":2929,"comment_status":"closed","ping_status":"open","sticky":false,"template":"","format":"standard","meta":{"sfsi_plus_gutenberg_text_before_share":"","sfsi_plus_gutenberg_show_text_before_share":"","sfsi_plus_gutenberg_icon_type":"","sfsi_plus_gutenberg_icon_alignemt":"","sfsi_plus_gutenburg_max_per_row":"","footnotes":""},"categories":[8,10,1],"tags":[],"class_list":["post-2928","post","type-post","status-publish","format-standard","has-post-thumbnail","hentry","category-brasil","category-destaques","category-noticias"],"_links":{"self":[{"href":"https:\/\/noticiasregionais.com.br\/index.php?rest_route=\/wp\/v2\/posts\/2928","targetHints":{"allow":["GET"]}}],"collection":[{"href":"https:\/\/noticiasregionais.com.br\/index.php?rest_route=\/wp\/v2\/posts"}],"about":[{"href":"https:\/\/noticiasregionais.com.br\/index.php?rest_route=\/wp\/v2\/types\/post"}],"author":[{"embeddable":true,"href":"https:\/\/noticiasregionais.com.br\/index.php?rest_route=\/wp\/v2\/users\/1"}],"replies":[{"embeddable":true,"href":"https:\/\/noticiasregionais.com.br\/index.php?rest_route=%2Fwp%2Fv2%2Fcomments&post=2928"}],"version-history":[{"count":1,"href":"https:\/\/noticiasregionais.com.br\/index.php?rest_route=\/wp\/v2\/posts\/2928\/revisions"}],"predecessor-version":[{"id":2930,"href":"https:\/\/noticiasregionais.com.br\/index.php?rest_route=\/wp\/v2\/posts\/2928\/revisions\/2930"}],"wp:featuredmedia":[{"embeddable":true,"href":"https:\/\/noticiasregionais.com.br\/index.php?rest_route=\/wp\/v2\/media\/2929"}],"wp:attachment":[{"href":"https:\/\/noticiasregionais.com.br\/index.php?rest_route=%2Fwp%2Fv2%2Fmedia&parent=2928"}],"wp:term":[{"taxonomy":"category","embeddable":true,"href":"https:\/\/noticiasregionais.com.br\/index.php?rest_route=%2Fwp%2Fv2%2Fcategories&post=2928"},{"taxonomy":"post_tag","embeddable":true,"href":"https:\/\/noticiasregionais.com.br\/index.php?rest_route=%2Fwp%2Fv2%2Ftags&post=2928"}],"curies":[{"name":"wp","href":"https:\/\/api.w.org\/{rel}","templated":true}]}}