{"id":2931,"date":"2024-05-16T07:24:47","date_gmt":"2024-05-16T10:24:47","guid":{"rendered":"https:\/\/noticiasregionais.com.br\/?p=2931"},"modified":"2024-05-16T07:48:11","modified_gmt":"2024-05-16T10:48:11","slug":"operacao-conjunta-da-policia-apreende-drogas-em-santo-antonio-da-platina","status":"publish","type":"post","link":"https:\/\/noticiasregionais.com.br\/?p=2931","title":{"rendered":"Opera\u00e7\u00e3o conjunta da pol\u00edcia apreende drogas em Santo Ant\u00f4nio da Platina"},"content":{"rendered":"\n<p>Uma opera\u00e7\u00e3o conjunta entre Policiais Militares e Policiais Civis resultou na apreens\u00e3o de drogas e na deten\u00e7\u00e3o de uma mulher na tarde de ter\u00e7a-feira, 14 de maio de 2024. A a\u00e7\u00e3o aconteceu na Rua D, no bairro Aparecidinho III, por volta das 15h45, como parte de um Mandado Judicial de Busca e Apreens\u00e3o voltado ao combate ao narcotr\u00e1fico na regi\u00e3o.<\/p>\n\n\n\n<p>Ao chegar ao local, os policiais encontraram a companheira do indiv\u00edduo que era o alvo principal do mandado. A mulher colaborou prontamente com as autoridades, revelando que havia subst\u00e2ncias il\u00edcitas escondidas no interior de um pote de achocolatado dentro do fog\u00e3o.<\/p>\n\n\n\n<p>A informa\u00e7\u00e3o levou \u00e0 descoberta de 105 pinos cheios de coca\u00edna dentro do pote. Al\u00e9m disso, durante a minuciosa busca na resid\u00eancia, foram encontrados mais 119 pinos vazios escondidos nos furos dos tijolos do muro do quintal.<\/p>\n\n\n\n<p>Os entorpecentes e os objetos apreendidos foram levados pela pol\u00edcia, e a mulher foi conduzida \u00e0 Delegacia de Pol\u00edcia para os procedimentos legais necess\u00e1rios. A opera\u00e7\u00e3o destaca a import\u00e2ncia da coopera\u00e7\u00e3o entre diferentes for\u00e7as policiais no combate ao tr\u00e1fico de drogas e a seguran\u00e7a da comunidade.<\/p>\n\n\n\n<p>A a\u00e7\u00e3o refor\u00e7a o compromisso das for\u00e7as de seguran\u00e7a em enfrentar e desmantelar atividades criminosas, garantindo a prote\u00e7\u00e3o e a tranquilidade dos moradores de Santo Ant\u00f4nio da Platina.<\/p>\n<input type=\"hidden\" id=\"baseurl\" value=\"https:\/\/noticiasregionais.com.br\"><input type=\"hidden\" id=\"audio_nonce\" value=\"533fbb67b1\">","protected":false},"excerpt":{"rendered":"<p>Uma opera\u00e7\u00e3o conjunta entre Policiais Militares e Policiais Civis resultou na apreens\u00e3o de drogas e na deten\u00e7\u00e3o de uma mulher&hellip;<\/p>\n","protected":false},"author":1,"featured_media":2932,"comment_status":"closed","ping_status":"open","sticky":false,"template":"","format":"standard","meta":{"sfsi_plus_gutenberg_text_before_share":"","sfsi_plus_gutenberg_show_text_before_share":"","sfsi_plus_gutenberg_icon_type":"","sfsi_plus_gutenberg_icon_alignemt":"","sfsi_plus_gutenburg_max_per_row":"","footnotes":""},"categories":[7,10,1],"tags":[],"class_list":["post-2931","post","type-post","status-publish","format-standard","has-post-thumbnail","hentry","category-parana","category-destaques","category-noticias"],"_links":{"self":[{"href":"https:\/\/noticiasregionais.com.br\/index.php?rest_route=\/wp\/v2\/posts\/2931","targetHints":{"allow":["GET"]}}],"collection":[{"href":"https:\/\/noticiasregionais.com.br\/index.php?rest_route=\/wp\/v2\/posts"}],"about":[{"href":"https:\/\/noticiasregionais.com.br\/index.php?rest_route=\/wp\/v2\/types\/post"}],"author":[{"embeddable":true,"href":"https:\/\/noticiasregionais.com.br\/index.php?rest_route=\/wp\/v2\/users\/1"}],"replies":[{"embeddable":true,"href":"https:\/\/noticiasregionais.com.br\/index.php?rest_route=%2Fwp%2Fv2%2Fcomments&post=2931"}],"version-history":[{"count":1,"href":"https:\/\/noticiasregionais.com.br\/index.php?rest_route=\/wp\/v2\/posts\/2931\/revisions"}],"predecessor-version":[{"id":2933,"href":"https:\/\/noticiasregionais.com.br\/index.php?rest_route=\/wp\/v2\/posts\/2931\/revisions\/2933"}],"wp:featuredmedia":[{"embeddable":true,"href":"https:\/\/noticiasregionais.com.br\/index.php?rest_route=\/wp\/v2\/media\/2932"}],"wp:attachment":[{"href":"https:\/\/noticiasregionais.com.br\/index.php?rest_route=%2Fwp%2Fv2%2Fmedia&parent=2931"}],"wp:term":[{"taxonomy":"category","embeddable":true,"href":"https:\/\/noticiasregionais.com.br\/index.php?rest_route=%2Fwp%2Fv2%2Fcategories&post=2931"},{"taxonomy":"post_tag","embeddable":true,"href":"https:\/\/noticiasregionais.com.br\/index.php?rest_route=%2Fwp%2Fv2%2Ftags&post=2931"}],"curies":[{"name":"wp","href":"https:\/\/api.w.org\/{rel}","templated":true}]}}