{"id":2954,"date":"2024-05-17T07:17:54","date_gmt":"2024-05-17T10:17:54","guid":{"rendered":"https:\/\/noticiasregionais.com.br\/?p=2954"},"modified":"2024-05-19T10:59:25","modified_gmt":"2024-05-19T13:59:25","slug":"2o-forum-de-combate-a-pedofilia-e-a-pornografia-infantil-sera-realizado-nesta-sexta-17-na-camara-de-ourinhos","status":"publish","type":"post","link":"https:\/\/noticiasregionais.com.br\/?p=2954","title":{"rendered":"2\u00ba F\u00f3rum de Combate \u00e0 Pedofilia e \u00e0 Pornografia Infantil ser\u00e1 realizado nesta sexta (17) na C\u00e2mara de Ourinhos"},"content":{"rendered":"\n<p>Promover reflex\u00e3o e tamb\u00e9m conscientiza\u00e7\u00e3o sobre o grave problema da pedofilia e pornografia infantil \u00e9 o principal objetivo do II F\u00f3rum Municipal de Combate \u00e0 Pedofilia e \u00e0 Pornografia Infantil, que vai acontecer no dia 16 de maio, \u00e0s 9 horas na C\u00e2mara Municipal de Ourinhos.<\/p>\n\n\n\n<p>Durante o F\u00f3rum, haver\u00e1 a participa\u00e7\u00e3o de<br>Regis Daniel Luscenti, Presidente da Comiss\u00e3o de Defesa dos Direitos da Crian\u00e7a e do Adolescente da 58\u00aa Subse\u00e7\u00e3o da OAB de Ourinhos e de outros convidados.<\/p>\n\n\n\n<p>O F\u00f3rum Municipal de Combate \u00e0 Pedofilia e \u00e0 Pornografia Infantil \u00e9 direcionado para educadores, orientadores, pais e profissionais da \u00e1rea, que atuam em defesa dos interesses da crian\u00e7a e adolescente. <\/p>\n\n\n\n<p>Maio Laranja<\/p>\n\n\n\n<p>A realiza\u00e7\u00e3o do F\u00f3rum faz parte da Campanha Maio Laranja.<\/p>\n\n\n\n<p>Dia 18 de maio \u00e9 o dia nacional de combate ao abuso e \u00e0 explora\u00e7\u00e3o sexual infantil no Brasil.<\/p>\n\n\n\n<p>O Maio Laranja \u00e9 uma inciativa que visa dar visibilidade e conscientizar sobre o tema.<\/p>\n\n\n<div class=\"wp-block-image\">\n<figure class=\"aligncenter size-large\"><img decoding=\"async\" width=\"1024\" height=\"1024\" src=\"https:\/\/noticiasregionais.com.br\/wp-content\/uploads\/2024\/05\/WhatsApp-Image-2024-05-16-at-14.27.32-1024x1024.jpeg\" alt=\"\" class=\"wp-image-2955\" srcset=\"https:\/\/noticiasregionais.com.br\/wp-content\/uploads\/2024\/05\/WhatsApp-Image-2024-05-16-at-14.27.32-1024x1024.jpeg 1024w, https:\/\/noticiasregionais.com.br\/wp-content\/uploads\/2024\/05\/WhatsApp-Image-2024-05-16-at-14.27.32-300x300.jpeg 300w, https:\/\/noticiasregionais.com.br\/wp-content\/uploads\/2024\/05\/WhatsApp-Image-2024-05-16-at-14.27.32-150x150.jpeg 150w, https:\/\/noticiasregionais.com.br\/wp-content\/uploads\/2024\/05\/WhatsApp-Image-2024-05-16-at-14.27.32-768x768.jpeg 768w, https:\/\/noticiasregionais.com.br\/wp-content\/uploads\/2024\/05\/WhatsApp-Image-2024-05-16-at-14.27.32.jpeg 1280w\" sizes=\"(max-width: 1024px) 100vw, 1024px\" \/><\/figure>\n<\/div><input type=\"hidden\" id=\"baseurl\" value=\"https:\/\/noticiasregionais.com.br\"><input type=\"hidden\" id=\"audio_nonce\" value=\"533fbb67b1\">","protected":false},"excerpt":{"rendered":"<p>Promover reflex\u00e3o e tamb\u00e9m conscientiza\u00e7\u00e3o sobre o grave problema da pedofilia e pornografia infantil \u00e9 o principal objetivo do II&hellip;<\/p>\n","protected":false},"author":1,"featured_media":902,"comment_status":"closed","ping_status":"open","sticky":false,"template":"","format":"standard","meta":{"sfsi_plus_gutenberg_text_before_share":"","sfsi_plus_gutenberg_show_text_before_share":"","sfsi_plus_gutenberg_icon_type":"","sfsi_plus_gutenberg_icon_alignemt":"","sfsi_plus_gutenburg_max_per_row":"","footnotes":""},"categories":[5,1],"tags":[],"class_list":["post-2954","post","type-post","status-publish","format-standard","has-post-thumbnail","hentry","category-ourinhos","category-noticias"],"_links":{"self":[{"href":"https:\/\/noticiasregionais.com.br\/index.php?rest_route=\/wp\/v2\/posts\/2954","targetHints":{"allow":["GET"]}}],"collection":[{"href":"https:\/\/noticiasregionais.com.br\/index.php?rest_route=\/wp\/v2\/posts"}],"about":[{"href":"https:\/\/noticiasregionais.com.br\/index.php?rest_route=\/wp\/v2\/types\/post"}],"author":[{"embeddable":true,"href":"https:\/\/noticiasregionais.com.br\/index.php?rest_route=\/wp\/v2\/users\/1"}],"replies":[{"embeddable":true,"href":"https:\/\/noticiasregionais.com.br\/index.php?rest_route=%2Fwp%2Fv2%2Fcomments&post=2954"}],"version-history":[{"count":1,"href":"https:\/\/noticiasregionais.com.br\/index.php?rest_route=\/wp\/v2\/posts\/2954\/revisions"}],"predecessor-version":[{"id":2956,"href":"https:\/\/noticiasregionais.com.br\/index.php?rest_route=\/wp\/v2\/posts\/2954\/revisions\/2956"}],"wp:featuredmedia":[{"embeddable":true,"href":"https:\/\/noticiasregionais.com.br\/index.php?rest_route=\/wp\/v2\/media\/902"}],"wp:attachment":[{"href":"https:\/\/noticiasregionais.com.br\/index.php?rest_route=%2Fwp%2Fv2%2Fmedia&parent=2954"}],"wp:term":[{"taxonomy":"category","embeddable":true,"href":"https:\/\/noticiasregionais.com.br\/index.php?rest_route=%2Fwp%2Fv2%2Fcategories&post=2954"},{"taxonomy":"post_tag","embeddable":true,"href":"https:\/\/noticiasregionais.com.br\/index.php?rest_route=%2Fwp%2Fv2%2Ftags&post=2954"}],"curies":[{"name":"wp","href":"https:\/\/api.w.org\/{rel}","templated":true}]}}