{"id":2957,"date":"2024-05-17T08:28:40","date_gmt":"2024-05-17T11:28:40","guid":{"rendered":"https:\/\/noticiasregionais.com.br\/?p=2957"},"modified":"2024-05-17T08:31:14","modified_gmt":"2024-05-17T11:31:14","slug":"igeve-recebera-ate-r581-por-aluno-ao-mes-para-ajudar-na-gestao-da-educacao-infantil-em-ourinhos","status":"publish","type":"post","link":"https:\/\/noticiasregionais.com.br\/?p=2957","title":{"rendered":"IGEVE receber\u00e1 at\u00e9 R$581 por aluno ao m\u00eas para ajudar na gest\u00e3o da educa\u00e7\u00e3o infantil em Ourinhos"},"content":{"rendered":"\n<p class=\"has-text-align-center\"><strong>Balancete Financeiro das despesas com Educa\u00e7\u00e3o Infantil em 2023 mostrou um gasto de 19,7 milh\u00f5es<\/strong><\/p>\n\n\n\n<p>Apresentado como inovador pelo Prefeito Municipal Lucas Pocay Alves da Silva, atrav\u00e9s de sua assessoria de comunica\u00e7\u00e3o, o Termo de Colabora\u00e7\u00e3o n\u00ba 15\/2024, realizado atrav\u00e9s da Dispensa de Chamamento P\u00fablico n\u00ba 16\/2024, estabelece que o Munic\u00edpio de Ourinhos, por meio da Secretaria Municipal de Educa\u00e7\u00e3o, firmou colabora\u00e7\u00e3o com o Instituto de Gest\u00e3o Educacional e Valoriza\u00e7\u00e3o do Ensino \u2013 IGEVE, CNPJ n\u00ba 28.413.401\/0001-92, para a execu\u00e7\u00e3o de gest\u00e3o compartilhada mediante a presta\u00e7\u00e3o de servi\u00e7os operacionais (n\u00e3o pedag\u00f3gicos) em 31 (trinta e uma) unidades escolares do munic\u00edpio de Ourinhos, atendendo aproximadamente 4.000 (quatro mil) alunos da educa\u00e7\u00e3o infantil, pelo per\u00edodo de 12 (doze) meses. Acompanhe a nota distribu\u00edda para a imprensa:<\/p>\n\n\n\n<blockquote class=\"wp-block-quote has-background is-layout-flow wp-block-quote-is-layout-flow\" style=\"background-color:#e5e5e5\">\n<p>Prefeito Lucas Pocay anuncia melhorias dentro da Educa\u00e7\u00e3o Municipal, com amplia\u00e7\u00e3o de vagas e n\u00famero de funcion\u00e1rios<\/p>\n\n\n\n<p>O Prefeito Lucas Pocay anunciou recentemente melhorias significativas na \u00e1rea da Educa\u00e7\u00e3o Municipal, visando ampliar o acesso e a qualidade dos servi\u00e7os oferecidos. Ele divulgou por meio de suas redes sociais um novo modelo de gest\u00e3o que ser\u00e1 implementado para alcan\u00e7ar esse objetivo.<\/p>\n\n\n\n<p>O an\u00fancio vem ap\u00f3s um estudo detalhado conduzido pela Secretaria de Educa\u00e7\u00e3o, que identificou a necessidade de aumentar o n\u00famero de funcion\u00e1rios e de vagas em creches. Este novo modelo, denominado Cogest\u00e3o, ser\u00e1 adotado para lidar com essa demanda emergente.<\/p>\n\n\n\n<p>A Cogest\u00e3o implicar\u00e1 em mais colaboradores dedicados a zelar pelas escolas municipais, auxiliando n\u00e3o apenas nos aspectos administrativos, mas tamb\u00e9m na manuten\u00e7\u00e3o da ordem e na qualidade dos servi\u00e7os prestados. Essas medidas t\u00eam como objetivo garantir que a qualidade da educa\u00e7\u00e3o seja sempre a prioridade m\u00e1xima dentro da gest\u00e3o municipal.<\/p>\n<\/blockquote>\n\n\n\n<p>O que assusta no tal documento publicado no Di\u00e1rio Oficial de 10 de maio de 2024 \u00e9 o valor de R$ 27.892.177,68 (vinte e sete milh\u00f5es, oitocentos e noventa e dois mil, cento e setenta e sete reais e sessenta e oito centavos).<\/p>\n\n\n\n<p>Dividindo o valor total apresentado no extrato, \u00e9 poss\u00edvel notar que cada um dos 4.000 alunos poder\u00e1 custar quase 7 mil reais durante o contrato. A gest\u00e3o compartilhada ainda n\u00e3o inclui servi\u00e7os pedag\u00f3gicos, o que fica claro no mesmo extrato.<\/p>\n\n\n\n<p>Em uma breve consulta ao Balancete Financeiro apresentado pela Prefeitura referente \u00e0 &#8220;Educa\u00e7\u00e3o Infantil&#8221; em 2023, \u00e9 poss\u00edvel notar que o valor processado durante todo o ano foi de R$ 19.797.613,02 (dezenove milh\u00f5es, setecentos e noventa e sete mil, seiscentos e treze reais e dois centavos).<\/p>\n\n\n\n<p>Muitos afirmam que, com um custo m\u00e9dio de at\u00e9 R$ 581,00 mensais por aluno, seria poss\u00edvel para os cidad\u00e3os de Ourinhos matricularem seus filhos em creches particulares e ainda economizar um belo valor.<\/p>\n\n\n\n<figure class=\"wp-block-gallery has-nested-images columns-default is-cropped wp-block-gallery-1 is-layout-flex wp-block-gallery-is-layout-flex\">\n<figure class=\"wp-block-image size-full\"><a href=\"https:\/\/noticiasregionais.com.br\/wp-content\/uploads\/2024\/05\/Balancete-2023.png\"><img decoding=\"async\" width=\"1075\" height=\"596\" data-id=\"2958\" src=\"https:\/\/noticiasregionais.com.br\/wp-content\/uploads\/2024\/05\/Balancete-2023.png\" alt=\"\" class=\"wp-image-2958\" srcset=\"https:\/\/noticiasregionais.com.br\/wp-content\/uploads\/2024\/05\/Balancete-2023.png 1075w, https:\/\/noticiasregionais.com.br\/wp-content\/uploads\/2024\/05\/Balancete-2023-300x166.png 300w, https:\/\/noticiasregionais.com.br\/wp-content\/uploads\/2024\/05\/Balancete-2023-1024x568.png 1024w, https:\/\/noticiasregionais.com.br\/wp-content\/uploads\/2024\/05\/Balancete-2023-768x426.png 768w\" sizes=\"(max-width: 1075px) 100vw, 1075px\" \/><\/a><\/figure>\n\n\n\n<figure class=\"wp-block-image size-full\"><a href=\"https:\/\/noticiasregionais.com.br\/wp-content\/uploads\/2024\/05\/Termo-de-Colaboracao-IGEVE.jpg\"><img decoding=\"async\" width=\"398\" height=\"805\" data-id=\"2959\" src=\"https:\/\/noticiasregionais.com.br\/wp-content\/uploads\/2024\/05\/Termo-de-Colaboracao-IGEVE.jpg\" alt=\"\" class=\"wp-image-2959\" srcset=\"https:\/\/noticiasregionais.com.br\/wp-content\/uploads\/2024\/05\/Termo-de-Colaboracao-IGEVE.jpg 398w, https:\/\/noticiasregionais.com.br\/wp-content\/uploads\/2024\/05\/Termo-de-Colaboracao-IGEVE-148x300.jpg 148w\" sizes=\"(max-width: 398px) 100vw, 398px\" \/><\/a><\/figure>\n<\/figure>\n<input type=\"hidden\" id=\"baseurl\" value=\"https:\/\/noticiasregionais.com.br\"><input type=\"hidden\" id=\"audio_nonce\" value=\"533fbb67b1\">","protected":false},"excerpt":{"rendered":"<p>Balancete Financeiro das despesas com Educa\u00e7\u00e3o Infantil em 2023 mostrou um gasto de 19,7 milh\u00f5es Apresentado como inovador pelo Prefeito&hellip;<\/p>\n","protected":false},"author":1,"featured_media":2961,"comment_status":"closed","ping_status":"open","sticky":false,"template":"","format":"standard","meta":{"sfsi_plus_gutenberg_text_before_share":"","sfsi_plus_gutenberg_show_text_before_share":"","sfsi_plus_gutenberg_icon_type":"","sfsi_plus_gutenberg_icon_alignemt":"","sfsi_plus_gutenburg_max_per_row":"","footnotes":""},"categories":[5,12,1],"tags":[],"class_list":["post-2957","post","type-post","status-publish","format-standard","has-post-thumbnail","hentry","category-ourinhos","category-capa","category-noticias"],"_links":{"self":[{"href":"https:\/\/noticiasregionais.com.br\/index.php?rest_route=\/wp\/v2\/posts\/2957","targetHints":{"allow":["GET"]}}],"collection":[{"href":"https:\/\/noticiasregionais.com.br\/index.php?rest_route=\/wp\/v2\/posts"}],"about":[{"href":"https:\/\/noticiasregionais.com.br\/index.php?rest_route=\/wp\/v2\/types\/post"}],"author":[{"embeddable":true,"href":"https:\/\/noticiasregionais.com.br\/index.php?rest_route=\/wp\/v2\/users\/1"}],"replies":[{"embeddable":true,"href":"https:\/\/noticiasregionais.com.br\/index.php?rest_route=%2Fwp%2Fv2%2Fcomments&post=2957"}],"version-history":[{"count":1,"href":"https:\/\/noticiasregionais.com.br\/index.php?rest_route=\/wp\/v2\/posts\/2957\/revisions"}],"predecessor-version":[{"id":2960,"href":"https:\/\/noticiasregionais.com.br\/index.php?rest_route=\/wp\/v2\/posts\/2957\/revisions\/2960"}],"wp:featuredmedia":[{"embeddable":true,"href":"https:\/\/noticiasregionais.com.br\/index.php?rest_route=\/wp\/v2\/media\/2961"}],"wp:attachment":[{"href":"https:\/\/noticiasregionais.com.br\/index.php?rest_route=%2Fwp%2Fv2%2Fmedia&parent=2957"}],"wp:term":[{"taxonomy":"category","embeddable":true,"href":"https:\/\/noticiasregionais.com.br\/index.php?rest_route=%2Fwp%2Fv2%2Fcategories&post=2957"},{"taxonomy":"post_tag","embeddable":true,"href":"https:\/\/noticiasregionais.com.br\/index.php?rest_route=%2Fwp%2Fv2%2Ftags&post=2957"}],"curies":[{"name":"wp","href":"https:\/\/api.w.org\/{rel}","templated":true}]}}