{"id":2968,"date":"2024-05-19T10:33:00","date_gmt":"2024-05-19T13:33:00","guid":{"rendered":"https:\/\/noticiasregionais.com.br\/?p=2968"},"modified":"2024-05-19T10:33:11","modified_gmt":"2024-05-19T13:33:11","slug":"prf-apreende-1-317-aparelhos-eletronicos-sem-nota-fiscal","status":"publish","type":"post","link":"https:\/\/noticiasregionais.com.br\/?p=2968","title":{"rendered":"PRF apreende 1.317 aparelhos eletr\u00f4nicos sem Nota Fiscal"},"content":{"rendered":"\n<p class=\"has-text-align-center\"><strong>A apreens\u00e3o ocorreu na BR 153 em Ourinhos.<\/strong><\/p>\n\n\n\n<p>No dia (16), no entroncamento da BR153 com a SP 270, Policiais Rodovi\u00e1rios Federais avistaram dois ve\u00edculos do tipo van vindo da regi\u00e3o de fronteira e que poderiam estar transportando produtos de origem il\u00edcita, suspeitando dos ve\u00edculos, a equipe resolveu abordar os ve\u00edculos para verficar. Ap\u00f3s a suspeita comprovada,&nbsp; ambos foram encaminhados \u00e0 base da PRF em Ourinhos-SP, sendo localizado um fundo falso sob os bancos no sal\u00e3o de passageiros a qual continham diversos aparelhos celulares de diversas marcas.<\/p>\n\n\n\n<p>Questionado o condutor relatou :&#8221; Que \u00e9 comerciante no ramo de celulares e que possui uma loja onde comercializa aparelhos celulares. Foi at\u00e9 o munic\u00edpio de Foz do Igua\u00e7u- PR, onde contactou amigos e que eles atravessaram a Ponte da Amizade com as mercadorias ele carregou no ve\u00edculo que apesar de n\u00e3o estar em seu nome \u00e9 de sua propriedade.&#8221;<\/p>\n\n\n\n<p>No total foram apreendidos 1.317 aparelhos eletr\u00f4nicos.<\/p>\n\n\n\n<p>Diante do fato, foi dada voz de pris\u00e3o e conduzidos juntamente com mercadorias e o ve\u00edculo a Delegacia de Policia Federal em Mar\u00edlia- SP.<\/p>\n\n\n\n<figure class=\"wp-block-gallery has-nested-images columns-default is-cropped wp-block-gallery-1 is-layout-flex wp-block-gallery-is-layout-flex\">\n<figure class=\"wp-block-image size-large\"><img decoding=\"async\" width=\"768\" height=\"431\" data-id=\"2969\" src=\"https:\/\/noticiasregionais.com.br\/wp-content\/uploads\/2024\/05\/0bc05062-31e7-42b9-8827-fb27249a63e0.jpeg\" alt=\"\" class=\"wp-image-2969\" srcset=\"https:\/\/noticiasregionais.com.br\/wp-content\/uploads\/2024\/05\/0bc05062-31e7-42b9-8827-fb27249a63e0.jpeg 768w, https:\/\/noticiasregionais.com.br\/wp-content\/uploads\/2024\/05\/0bc05062-31e7-42b9-8827-fb27249a63e0-300x168.jpeg 300w\" sizes=\"(max-width: 768px) 100vw, 768px\" \/><\/figure>\n\n\n\n<figure class=\"wp-block-image size-large\"><img decoding=\"async\" width=\"768\" height=\"431\" data-id=\"2972\" src=\"https:\/\/noticiasregionais.com.br\/wp-content\/uploads\/2024\/05\/e54c9418-c616-44ff-a3fe-27581dea8977.jpeg\" alt=\"\" class=\"wp-image-2972\" srcset=\"https:\/\/noticiasregionais.com.br\/wp-content\/uploads\/2024\/05\/e54c9418-c616-44ff-a3fe-27581dea8977.jpeg 768w, https:\/\/noticiasregionais.com.br\/wp-content\/uploads\/2024\/05\/e54c9418-c616-44ff-a3fe-27581dea8977-300x168.jpeg 300w\" sizes=\"(max-width: 768px) 100vw, 768px\" \/><\/figure>\n\n\n\n<figure class=\"wp-block-image size-large\"><img decoding=\"async\" width=\"768\" height=\"576\" data-id=\"2971\" src=\"https:\/\/noticiasregionais.com.br\/wp-content\/uploads\/2024\/05\/f89f0cd0-7401-4bf8-9a2f-55689a14b2d5.jpeg\" alt=\"\" class=\"wp-image-2971\" srcset=\"https:\/\/noticiasregionais.com.br\/wp-content\/uploads\/2024\/05\/f89f0cd0-7401-4bf8-9a2f-55689a14b2d5.jpeg 768w, https:\/\/noticiasregionais.com.br\/wp-content\/uploads\/2024\/05\/f89f0cd0-7401-4bf8-9a2f-55689a14b2d5-300x225.jpeg 300w\" sizes=\"(max-width: 768px) 100vw, 768px\" \/><\/figure>\n\n\n\n<figure class=\"wp-block-image size-large\"><img decoding=\"async\" width=\"768\" height=\"576\" data-id=\"2970\" src=\"https:\/\/noticiasregionais.com.br\/wp-content\/uploads\/2024\/05\/a14d6d08-33eb-45f6-9029-8a2451fedb95.jpeg\" alt=\"\" class=\"wp-image-2970\" srcset=\"https:\/\/noticiasregionais.com.br\/wp-content\/uploads\/2024\/05\/a14d6d08-33eb-45f6-9029-8a2451fedb95.jpeg 768w, https:\/\/noticiasregionais.com.br\/wp-content\/uploads\/2024\/05\/a14d6d08-33eb-45f6-9029-8a2451fedb95-300x225.jpeg 300w\" sizes=\"(max-width: 768px) 100vw, 768px\" \/><\/figure>\n<\/figure>\n<input type=\"hidden\" id=\"baseurl\" value=\"https:\/\/noticiasregionais.com.br\"><input type=\"hidden\" id=\"audio_nonce\" value=\"3cdc555a10\">","protected":false},"excerpt":{"rendered":"<p>A apreens\u00e3o ocorreu na BR 153 em Ourinhos. No dia (16), no entroncamento da BR153 com a SP 270, Policiais&hellip;<\/p>\n","protected":false},"author":1,"featured_media":2973,"comment_status":"closed","ping_status":"open","sticky":false,"template":"","format":"standard","meta":{"sfsi_plus_gutenberg_text_before_share":"","sfsi_plus_gutenberg_show_text_before_share":"","sfsi_plus_gutenberg_icon_type":"","sfsi_plus_gutenberg_icon_alignemt":"","sfsi_plus_gutenburg_max_per_row":"","footnotes":""},"categories":[5,10,1],"tags":[],"class_list":["post-2968","post","type-post","status-publish","format-standard","has-post-thumbnail","hentry","category-ourinhos","category-destaques","category-noticias"],"_links":{"self":[{"href":"https:\/\/noticiasregionais.com.br\/index.php?rest_route=\/wp\/v2\/posts\/2968","targetHints":{"allow":["GET"]}}],"collection":[{"href":"https:\/\/noticiasregionais.com.br\/index.php?rest_route=\/wp\/v2\/posts"}],"about":[{"href":"https:\/\/noticiasregionais.com.br\/index.php?rest_route=\/wp\/v2\/types\/post"}],"author":[{"embeddable":true,"href":"https:\/\/noticiasregionais.com.br\/index.php?rest_route=\/wp\/v2\/users\/1"}],"replies":[{"embeddable":true,"href":"https:\/\/noticiasregionais.com.br\/index.php?rest_route=%2Fwp%2Fv2%2Fcomments&post=2968"}],"version-history":[{"count":1,"href":"https:\/\/noticiasregionais.com.br\/index.php?rest_route=\/wp\/v2\/posts\/2968\/revisions"}],"predecessor-version":[{"id":2974,"href":"https:\/\/noticiasregionais.com.br\/index.php?rest_route=\/wp\/v2\/posts\/2968\/revisions\/2974"}],"wp:featuredmedia":[{"embeddable":true,"href":"https:\/\/noticiasregionais.com.br\/index.php?rest_route=\/wp\/v2\/media\/2973"}],"wp:attachment":[{"href":"https:\/\/noticiasregionais.com.br\/index.php?rest_route=%2Fwp%2Fv2%2Fmedia&parent=2968"}],"wp:term":[{"taxonomy":"category","embeddable":true,"href":"https:\/\/noticiasregionais.com.br\/index.php?rest_route=%2Fwp%2Fv2%2Fcategories&post=2968"},{"taxonomy":"post_tag","embeddable":true,"href":"https:\/\/noticiasregionais.com.br\/index.php?rest_route=%2Fwp%2Fv2%2Ftags&post=2968"}],"curies":[{"name":"wp","href":"https:\/\/api.w.org\/{rel}","templated":true}]}}