{"id":297,"date":"2023-09-07T21:14:19","date_gmt":"2023-09-08T00:14:19","guid":{"rendered":"https:\/\/noticiasregionais.com.br\/?p=297"},"modified":"2023-09-07T21:14:19","modified_gmt":"2023-09-08T00:14:19","slug":"tres-passageiros-de-onibus-sao-presos-por-trafico-de-drogas-em-assis","status":"publish","type":"post","link":"https:\/\/noticiasregionais.com.br\/?p=297","title":{"rendered":"Tr\u00eas passageiros de \u00f4nibus s\u00e3o presos por tr\u00e1fico de drogas em Assis"},"content":{"rendered":"\n<p>Tr\u00eas passageiros de um \u00f4nibus fretado foram presos em flagrante por tr\u00e1fico de drogas na tarde desta quinta-feira (7), na Rodovia Raposo Tavares (SP-270), em Assis (SP).<\/p>\n\n\n\n<p>De acordo com a Pol\u00edcia Rodovi\u00e1ria, os policiais militares realizavam a Opera\u00e7\u00e3o Independ\u00eancia quando abordaram o \u00f4nibus, que seguia de Corumb\u00e1 (MS) para S\u00e3o Paulo.<\/p>\n\n\n\n<p>Durante a vistoria no compartimento de cargas, os policiais encontraram tabletes de coca\u00edna dentro de sacos de batatas. A droga, que totalizou 20 quilos, era de propriedade dos tr\u00eas passageiros, todos de nacionalidade boliviana.<\/p>\n\n\n\n<p>Os suspeitos, que n\u00e3o tiveram as identidades reveladas, foram encaminhados para a Delegacia de Pol\u00edcia de Assis, onde permanecer\u00e3o \u00e0 disposi\u00e7\u00e3o da Justi\u00e7a.<\/p>\n\n\n\n<p>A Pol\u00edcia Rodovi\u00e1ria informou que o caso segue em investiga\u00e7\u00e3o.<br><\/p>\n\n\n\n<p><strong><sub>Fonte:<\/sub><\/strong><em><sub>\u00a0Setor de Comunica\u00e7\u00e3o 3\u00aa Cia 2\u00ba Pel 2\u00ba BPRv<\/sub><\/em><\/p>\n<input type=\"hidden\" id=\"baseurl\" value=\"https:\/\/noticiasregionais.com.br\"><input type=\"hidden\" id=\"audio_nonce\" value=\"533fbb67b1\">","protected":false},"excerpt":{"rendered":"<p>Tr\u00eas passageiros de um \u00f4nibus fretado foram presos em flagrante por tr\u00e1fico de drogas na tarde desta quinta-feira (7), na&hellip;<\/p>\n","protected":false},"author":1,"featured_media":298,"comment_status":"closed","ping_status":"open","sticky":false,"template":"","format":"standard","meta":{"sfsi_plus_gutenberg_text_before_share":"","sfsi_plus_gutenberg_show_text_before_share":"","sfsi_plus_gutenberg_icon_type":"","sfsi_plus_gutenberg_icon_alignemt":"","sfsi_plus_gutenburg_max_per_row":"","footnotes":""},"categories":[6,10,1],"tags":[],"class_list":["post-297","post","type-post","status-publish","format-standard","has-post-thumbnail","hentry","category-sao_paulo","category-destaques","category-noticias"],"_links":{"self":[{"href":"https:\/\/noticiasregionais.com.br\/index.php?rest_route=\/wp\/v2\/posts\/297","targetHints":{"allow":["GET"]}}],"collection":[{"href":"https:\/\/noticiasregionais.com.br\/index.php?rest_route=\/wp\/v2\/posts"}],"about":[{"href":"https:\/\/noticiasregionais.com.br\/index.php?rest_route=\/wp\/v2\/types\/post"}],"author":[{"embeddable":true,"href":"https:\/\/noticiasregionais.com.br\/index.php?rest_route=\/wp\/v2\/users\/1"}],"replies":[{"embeddable":true,"href":"https:\/\/noticiasregionais.com.br\/index.php?rest_route=%2Fwp%2Fv2%2Fcomments&post=297"}],"version-history":[{"count":1,"href":"https:\/\/noticiasregionais.com.br\/index.php?rest_route=\/wp\/v2\/posts\/297\/revisions"}],"predecessor-version":[{"id":299,"href":"https:\/\/noticiasregionais.com.br\/index.php?rest_route=\/wp\/v2\/posts\/297\/revisions\/299"}],"wp:featuredmedia":[{"embeddable":true,"href":"https:\/\/noticiasregionais.com.br\/index.php?rest_route=\/wp\/v2\/media\/298"}],"wp:attachment":[{"href":"https:\/\/noticiasregionais.com.br\/index.php?rest_route=%2Fwp%2Fv2%2Fmedia&parent=297"}],"wp:term":[{"taxonomy":"category","embeddable":true,"href":"https:\/\/noticiasregionais.com.br\/index.php?rest_route=%2Fwp%2Fv2%2Fcategories&post=297"},{"taxonomy":"post_tag","embeddable":true,"href":"https:\/\/noticiasregionais.com.br\/index.php?rest_route=%2Fwp%2Fv2%2Ftags&post=297"}],"curies":[{"name":"wp","href":"https:\/\/api.w.org\/{rel}","templated":true}]}}