{"id":2982,"date":"2024-05-20T07:13:35","date_gmt":"2024-05-20T10:13:35","guid":{"rendered":"https:\/\/noticiasregionais.com.br\/?p=2982"},"modified":"2024-05-20T07:13:46","modified_gmt":"2024-05-20T10:13:46","slug":"semana-do-mei-e-oportunidade-para-capacitar-e-profissionalizar-pequenos-negocios","status":"publish","type":"post","link":"https:\/\/noticiasregionais.com.br\/?p=2982","title":{"rendered":"Semana do MEI \u00e9 oportunidade para capacitar e profissionalizar pequenos neg\u00f3cios"},"content":{"rendered":"\n<p class=\"has-text-align-center\"><strong>Evento gratuito promovido pelo Sebrae acontece entre os dias 20 e 24 de maio de forma presencial e online<\/strong><\/p>\n\n\n\n<p>Entre os dias 20 e 24 de maio, o Sistema Sebrae promove a Semana do MEI, evento gratuito voltado para quem deseja empreender, se formalizar ou alavancar os neg\u00f3cios. Esta \u00e9 a 15\u00aa edi\u00e7\u00e3o do evento que, este ano, tem o tema \u201cChega junto com o Sebrae\u201d.&nbsp;<\/p>\n\n\n\n<p>A programa\u00e7\u00e3o inclui atividades presenciais e online, como palestras, oficinas pr\u00e1ticas, cursos, webinars, al\u00e9m de networking e hist\u00f3rias inspiradoras de empreendedores de sucesso.<\/p>\n\n\n\n<p>Segundo o gerente de relacionamento com o cliente do Sebrae, \u00canio Pinto, o objetivo da Semana do MEI \u00e9 capacitar e profissionalizar os empreendimentos de pequeno porte.<\/p>\n\n\n\n<p>\u201cA nossa inten\u00e7\u00e3o \u00e9 profissionalizar ainda mais a condu\u00e7\u00e3o desse pequeno empreendedor. Ent\u00e3o vai ter um dia em que vamos abordar as quest\u00f5es ligadas a finan\u00e7as, em outro a quest\u00e3o de planejamento, em outro a quest\u00e3o de vendas, vendas digitais inclusive. \u00c9 atualizar o conhecimento que ele precisa ter para estar \u00e0 frente desse empreendimento e vir a ter uma possibilidade maior de sucesso.\u201d<\/p>\n\n\n\n<p>Cada unidade do Sebrae nos estados tem a pr\u00f3pria agenda de programa\u00e7\u00e3o. Para conferir, procure a unidade mais pr\u00f3xima da sua resid\u00eancia ou empreendimento, ou acesse o <a href=\"https:\/\/agenda.sebraesp.com.br\/?uf=SP\" target=\"_blank\" rel=\"noreferrer noopener\">link<\/a>. Na mesma semana, o Sebrae Nacional vai promover, em Bras\u00edlia, uma palestra e uma oficina por dia, cada uma com um tema diferente.&nbsp;<\/p>\n\n\n\n<p>\u201cA gente vai ter eventos acontecendo em quase tr\u00eas mil munic\u00edpios do territ\u00f3rio brasileiro, tanto de forma digital como de forma presencial. E o que que a gente entrega? A gente entrega as \u00e1reas de conhecimento que s\u00e3o de fato cr\u00edticas para o sucesso empresarial\u201d, explica \u00canio Pinto.<\/p>\n\n\n\n<p>Na edi\u00e7\u00e3o do ano passado, o Sebrae realizou 856 mil atendimentos, em 2.036 munic\u00edpios, e contabilizou mais de 6,4 milh\u00f5es de visualiza\u00e7\u00f5es nas p\u00e1ginas da Semana do MEI.&nbsp;<\/p>\n\n\n\n<h2 class=\"wp-block-heading\">Troca de experi\u00eancias<\/h2>\n\n\n\n<p>Este ano, a microempreendedora individual Sandra de Matos, de Rio Branco no Acre, j\u00e1 est\u00e1 na expectativa para participar das atividades. Ela \u00e9 propriet\u00e1ria do Amor com Geladin, neg\u00f3cio que come\u00e7ou h\u00e1 cinco anos, e hoje \u00e9 a sua fonte de renda. A principal expectativa \u00e9 fazer networking e trocar experi\u00eancias com outros MEIs.<\/p>\n\n\n\n<p>\u201cA Semana do MEI vai ter muitos outros empreendedores de nichos diferentes, que trabalham com coisas diferentes, que podem agregar muito aqui para mim. Ent\u00e3o, essa \u00e9 uma expectativa minha. E poder tamb\u00e9m compartilhar um pouco de como tem sido o meu trabalho aqui e servir de inspira\u00e7\u00e3o para outras pessoas; assim, como o de outras pessoas vai estar servindo tamb\u00e9m de inspira\u00e7\u00e3o para mim.\u201d<\/p>\n\n\n\n<p>Segundo o gerente do Sebrae, \u00canio Pinto, outra vantagem de participar da Semana do MEI \u00e9 ter contato direto com especialistas e consultores para tirar d\u00favidas e se capacitar.<\/p>\n\n\n\n<p>\u201cA din\u00e2mica de gest\u00e3o de um empreendimento hoje \u00e9 muito acelerada. Portanto, voc\u00ea precisa estar permanentemente, de forma cont\u00ednua, assimilando, lapidando, atualizando todos os seus conte\u00fados, todas as suas ferramentas de gest\u00e3o para o sucesso do seu empreendimento.\u201d<\/p>\n\n\n\n<p>\u201c\u00c9 uma possibilidade de voc\u00ea ver quais s\u00e3o as tend\u00eancias de mercado para o seu segmento e desenvolver uma boa rede de contatos com outros empreendedores que atuam na sua \u00e1rea ou empreendedores que atuam em \u00e1reas convergentes e complementares a sua, que podem vir a ser parceiros futuros ou at\u00e9 fornecedores\u201d, recomenda.<\/p>\n\n\n\n<h2 class=\"wp-block-heading\">Confira a programa\u00e7\u00e3o online<\/h2>\n\n\n\n<p><strong>Dia 20\/05<\/strong><\/p>\n\n\n\n<p>10h45 \u00e0s 12h<br>Palestra: A culin\u00e1ria afetiva como inspira\u00e7\u00e3o para empreender<br>Convidada: Lili Almeida (@cheflilialmeida)<\/p>\n\n\n\n<p>17h \u00e0s 18h<br>Oficina pr\u00e1tica: \u201cCanvas para o MEI\u201d; com Adriana Schiavon Gon\u00e7alves, consultora do Sebrae\/PR<\/p>\n\n\n\n<p><strong>Dia 21\/05<\/strong><\/p>\n\n\n\n<p>10h45 \u00e0s 12h<br>Palestra: Construindo um futuro como MEI<br>Convidada: Nath Finan\u00e7as (@nathfinancas)<\/p>\n\n\n\n<p>17h \u00e0s 18h<br>Oficina pr\u00e1tica: \u201cBe a B\u00e1 do MEI\u201d; com Rosimeyre Prado\u200b, analista do Sebrae\/DF<\/p>\n\n\n\n<p><strong>Dia 22\/05<\/strong><\/p>\n\n\n\n<p>10h45 \u00e0s 12h<br>Palestra: Minha jornada empreendedora: superando obst\u00e1culos e alcan\u00e7ando o sucesso<br>Convidada: Natalia Beauty (@nataliabeauty)<\/p>\n\n\n\n<p>17h \u00e0s 18h<br>Oficina pr\u00e1tica: \u201cTransforme seu neg\u00f3cio com inova\u00e7\u00e3o\u201d; com Lyana Munt\u200b, analista do Sebrae\/AL<\/p>\n\n\n\n<p><strong>Dia 23\/05<\/strong><\/p>\n\n\n\n<p>10h45 \u00e0s 12h<br>Palestra: Gerenciando as finan\u00e7as do seu neg\u00f3cio e da sua vida<br>Convidado: Gil do Vigor (@gildovigor)&nbsp;<\/p>\n\n\n\n<p>17h \u00e0s 18h<br>Oficina pr\u00e1tica: \u201cDicas para aprimorar as suas finan\u00e7as\u201d; com Maria Claudia Vianna, analista do Sebrae\/RJ<\/p>\n\n\n\n<p><strong>Dia 24\/05<\/strong><\/p>\n\n\n\n<p>10h45 \u00e0s 12h<br>Palestra: Inova\u00e7\u00e3o em cada passo: estrat\u00e9gias para se destacar no mercado digital<br>Convidado: Felipe Titto (@felipetitto)&nbsp;<\/p>\n\n\n\n<p>17h \u00e0s 18h<br>Oficina pr\u00e1tica: \u201cMarketing Digital \u2013 visibilidade e vendas\u201d; com Paula Tebett\u200b, especialista em marketing digital<\/p>\n\n\n\n<p>Para outras informa\u00e7\u00f5es, acesse <a href=\"https:\/\/sebrae.com.br\/sites\/PortalSebrae\/mei\/semanadomei\" target=\"_blank\" rel=\"noreferrer noopener\">sebrae.com.br\/semanadomei<\/a>.&nbsp;<\/p>\n\n\n\n<p><strong><a href=\"https:\/\/brasil61.com\/n\/brasil-tem-15-7-milhoes-de-microempreendedores-individuais-bras2411699\" target=\"_blank\" rel=\"noreferrer noopener\">Brasil tem 15,7 milh\u00f5es de microempreendedores individuais<\/a><\/strong><\/p>\n\n\n\n<p><strong><a href=\"https:\/\/brasil61.com\/n\/meis-e-pequenas-empresas-ja-podem-renegociar-dividas-bancarias-pelo-desenrola-saiba-como-bras2411690\" target=\"_blank\" rel=\"noreferrer noopener\">MEIs e pequenas empresas j\u00e1 podem renegociar d\u00edvidas banc\u00e1rias pelo Desenrola. Saiba como<\/a><\/strong><\/p>\n\n\n\n<p><strong><a href=\"https:\/\/brasil61.com\/n\/credito-consciente-saiba-como-usar-ferramenta-do-sebrae-que-auxilia-empreendedor-a-obter-credito-bras2411619\" target=\"_blank\" rel=\"noreferrer noopener\">Cr\u00e9dito Consciente: saiba como usar ferramenta do Sebrae que auxilia empreendedor a obter cr\u00e9dito<\/a><\/strong><\/p>\n\n\n\n<p>Fonte: <a href=\"https:\/\/brasil61.com\/n\/semana-do-mei-e-oportunidade-para-capacitar-e-profissionalizar-pequenos-negocios-bras2411711?email=fxmendes2012@gmail.com&amp;utm_source=newsletter&amp;utm_medium=newsletter&amp;utm_campaign=newsletter\" target=\"_blank\" rel=\"noreferrer noopener\">Brasil 61<\/a><\/p>\n<input type=\"hidden\" id=\"baseurl\" value=\"https:\/\/noticiasregionais.com.br\"><input type=\"hidden\" id=\"audio_nonce\" value=\"533fbb67b1\">","protected":false},"excerpt":{"rendered":"<p>Evento gratuito promovido pelo Sebrae acontece entre os dias 20 e 24 de maio de forma presencial e online Entre&hellip;<\/p>\n","protected":false},"author":1,"featured_media":2984,"comment_status":"closed","ping_status":"open","sticky":false,"template":"","format":"standard","meta":{"sfsi_plus_gutenberg_text_before_share":"","sfsi_plus_gutenberg_show_text_before_share":"","sfsi_plus_gutenberg_icon_type":"","sfsi_plus_gutenberg_icon_alignemt":"","sfsi_plus_gutenburg_max_per_row":"","footnotes":""},"categories":[6,10,1],"tags":[],"class_list":["post-2982","post","type-post","status-publish","format-standard","has-post-thumbnail","hentry","category-sao_paulo","category-destaques","category-noticias"],"_links":{"self":[{"href":"https:\/\/noticiasregionais.com.br\/index.php?rest_route=\/wp\/v2\/posts\/2982","targetHints":{"allow":["GET"]}}],"collection":[{"href":"https:\/\/noticiasregionais.com.br\/index.php?rest_route=\/wp\/v2\/posts"}],"about":[{"href":"https:\/\/noticiasregionais.com.br\/index.php?rest_route=\/wp\/v2\/types\/post"}],"author":[{"embeddable":true,"href":"https:\/\/noticiasregionais.com.br\/index.php?rest_route=\/wp\/v2\/users\/1"}],"replies":[{"embeddable":true,"href":"https:\/\/noticiasregionais.com.br\/index.php?rest_route=%2Fwp%2Fv2%2Fcomments&post=2982"}],"version-history":[{"count":1,"href":"https:\/\/noticiasregionais.com.br\/index.php?rest_route=\/wp\/v2\/posts\/2982\/revisions"}],"predecessor-version":[{"id":2985,"href":"https:\/\/noticiasregionais.com.br\/index.php?rest_route=\/wp\/v2\/posts\/2982\/revisions\/2985"}],"wp:featuredmedia":[{"embeddable":true,"href":"https:\/\/noticiasregionais.com.br\/index.php?rest_route=\/wp\/v2\/media\/2984"}],"wp:attachment":[{"href":"https:\/\/noticiasregionais.com.br\/index.php?rest_route=%2Fwp%2Fv2%2Fmedia&parent=2982"}],"wp:term":[{"taxonomy":"category","embeddable":true,"href":"https:\/\/noticiasregionais.com.br\/index.php?rest_route=%2Fwp%2Fv2%2Fcategories&post=2982"},{"taxonomy":"post_tag","embeddable":true,"href":"https:\/\/noticiasregionais.com.br\/index.php?rest_route=%2Fwp%2Fv2%2Ftags&post=2982"}],"curies":[{"name":"wp","href":"https:\/\/api.w.org\/{rel}","templated":true}]}}