{"id":2986,"date":"2024-05-20T07:18:42","date_gmt":"2024-05-20T10:18:42","guid":{"rendered":"https:\/\/noticiasregionais.com.br\/?p=2986"},"modified":"2024-05-20T07:22:05","modified_gmt":"2024-05-20T10:22:05","slug":"muitas-nuvens-com-possibilidade-de-chuvas-isoladas-nesta-segunda-feira-20","status":"publish","type":"post","link":"https:\/\/noticiasregionais.com.br\/?p=2986","title":{"rendered":"Muitas nuvens com possibilidade de chuvas isoladas nesta segunda-feira (20)"},"content":{"rendered":"\n<p class=\"has-text-align-center\"><strong>A temperatura pode variar entre 22\u00baC e 33\u00baC<\/strong><\/p>\n\n\n\n<p>Nesta segunda-feira (20), o dia come\u00e7a com muitas nuvens na maior parte de S\u00e3o Paulo e Rio de Janeiro, com possibilidade de chuvas isoladas nas cidades litor\u00e2neas de Santos e Ubatuba (SP), Angra dos Reis e Niter\u00f3i \u00a0(RJ).\u00a0<\/p>\n\n\n\n<p>A previs\u00e3o indica muitas nuvens no leste de Minas Gerais e todo o Esp\u00edrito Santo, contudo com pouca possibilidade de chuva.&nbsp;<\/p>\n\n\n\n<p>Na capital Belo Horizonte e no restante do estado mineiro, o dia ser\u00e1 ensolarado, sem previs\u00e3o de precipita\u00e7\u00f5es.&nbsp;<\/p>\n\n\n\n<p>H\u00e1 aviso de perigo potencial no entorno do munic\u00edpio de Presidente Prudente, por conta do indicativo de decl\u00ednio de temperatura entre 3\u00baC e 5\u00baC.&nbsp;<\/p>\n\n\n\n<p>A m\u00e1xima prevista \u00e9 de 36\u00baC, em Campos dos Goytacazes, no Rio de Janeiro.&nbsp;<\/p>\n\n\n\n<p><br>A umidade relativa do ar, entre 25% e 100% na regi\u00e3o Sudeste.&nbsp;&nbsp;<\/p>\n\n\n\n<p>As informa\u00e7\u00f5es s\u00e3o do Instituto Nacional de Meteorologia.<\/p>\n\n\n\n<p>L\u00edvia Azevedo, O Tempo e a Temperatura<\/p>\n\n\n\n<p>Fonte: <a href=\"https:\/\/brasil61.com\/n\/previsao-do-tempo-muitas-nuvens-com-possibilidade-de-chuvas-isoladas-nesta-segunda-feira-20-rio-de-janeiro-rj-ptsd243507?email=fxmendes2012@gmail.com&amp;utm_source=newsletter&amp;utm_medium=newsletter&amp;utm_campaign=newsletter\" target=\"_blank\" rel=\"noreferrer noopener\">Brasil 61<\/a><\/p>\n<input type=\"hidden\" id=\"baseurl\" value=\"https:\/\/noticiasregionais.com.br\"><input type=\"hidden\" id=\"audio_nonce\" value=\"533fbb67b1\">","protected":false},"excerpt":{"rendered":"<p>A temperatura pode variar entre 22\u00baC e 33\u00baC Nesta segunda-feira (20), o dia come\u00e7a com muitas nuvens na maior parte&hellip;<\/p>\n","protected":false},"author":1,"featured_media":2989,"comment_status":"closed","ping_status":"open","sticky":false,"template":"","format":"standard","meta":{"sfsi_plus_gutenberg_text_before_share":"","sfsi_plus_gutenberg_show_text_before_share":"","sfsi_plus_gutenberg_icon_type":"","sfsi_plus_gutenberg_icon_alignemt":"","sfsi_plus_gutenburg_max_per_row":"","footnotes":""},"categories":[6,10,1],"tags":[],"class_list":["post-2986","post","type-post","status-publish","format-standard","has-post-thumbnail","hentry","category-sao_paulo","category-destaques","category-noticias"],"_links":{"self":[{"href":"https:\/\/noticiasregionais.com.br\/index.php?rest_route=\/wp\/v2\/posts\/2986","targetHints":{"allow":["GET"]}}],"collection":[{"href":"https:\/\/noticiasregionais.com.br\/index.php?rest_route=\/wp\/v2\/posts"}],"about":[{"href":"https:\/\/noticiasregionais.com.br\/index.php?rest_route=\/wp\/v2\/types\/post"}],"author":[{"embeddable":true,"href":"https:\/\/noticiasregionais.com.br\/index.php?rest_route=\/wp\/v2\/users\/1"}],"replies":[{"embeddable":true,"href":"https:\/\/noticiasregionais.com.br\/index.php?rest_route=%2Fwp%2Fv2%2Fcomments&post=2986"}],"version-history":[{"count":1,"href":"https:\/\/noticiasregionais.com.br\/index.php?rest_route=\/wp\/v2\/posts\/2986\/revisions"}],"predecessor-version":[{"id":2988,"href":"https:\/\/noticiasregionais.com.br\/index.php?rest_route=\/wp\/v2\/posts\/2986\/revisions\/2988"}],"wp:featuredmedia":[{"embeddable":true,"href":"https:\/\/noticiasregionais.com.br\/index.php?rest_route=\/wp\/v2\/media\/2989"}],"wp:attachment":[{"href":"https:\/\/noticiasregionais.com.br\/index.php?rest_route=%2Fwp%2Fv2%2Fmedia&parent=2986"}],"wp:term":[{"taxonomy":"category","embeddable":true,"href":"https:\/\/noticiasregionais.com.br\/index.php?rest_route=%2Fwp%2Fv2%2Fcategories&post=2986"},{"taxonomy":"post_tag","embeddable":true,"href":"https:\/\/noticiasregionais.com.br\/index.php?rest_route=%2Fwp%2Fv2%2Ftags&post=2986"}],"curies":[{"name":"wp","href":"https:\/\/api.w.org\/{rel}","templated":true}]}}