{"id":2990,"date":"2024-05-20T12:12:46","date_gmt":"2024-05-20T15:12:46","guid":{"rendered":"https:\/\/noticiasregionais.com.br\/?p=2990"},"modified":"2024-05-20T12:12:57","modified_gmt":"2024-05-20T15:12:57","slug":"jovem-mata-os-pais-e-a-irma-por-ficar-sem-computador-e-celular","status":"publish","type":"post","link":"https:\/\/noticiasregionais.com.br\/?p=2990","title":{"rendered":"Jovem mata os pais e a irm\u00e3 por ficar sem computador e celular"},"content":{"rendered":"\n<p class=\"has-text-align-center\"><strong>O crime aconteceu na Vila Jaguara, na zona oeste de S\u00e3o Paulo, na sexta-feira (17), mas s\u00f3 foi descoberto na noite de domingo (19), quando o adolescente ligou para a pol\u00edcia<\/strong><\/p>\n\n\n\n<p>Um adolescente de 16 anos matou a tiros os pais adotivos e a irm\u00e3 depois de uma discuss\u00e3o em fam\u00edlia. Ele teria ficado com raiva porque os pais tiraram seu computador e celular. O crime aconteceu na Vila Jaguara, na zona oeste de S\u00e3o Paulo, na sexta-feira (17), mas s\u00f3 foi descoberto na noite de domingo (19), quando o jovem ligou para a pol\u00edcia e contou o que havia acontecido.<\/p>\n\n\n\n<p>Segundo o boletim de ocorr\u00eancia, o adolescente relatou que sempre teve desentendimentos com os pais adotivos. Na quinta-feira (16), houve uma nova discuss\u00e3o e, de acordo com o depoimento do jovem, os pais o chamaram de vagabundo e tiraram o celular dele, o que o impediu de fazer uma apresenta\u00e7\u00e3o da escola. Por isso, planejou as mortes.<\/p>\n\n\n\n<p>O jovem sabia onde o pai &#8211; um guarda civil de 57 anos que trabalha no interior de S\u00e3o Paulo &#8211; guardava a arma. Ele a pegou e fez um teste atirando na cama dos pais, enquanto estava sozinho em casa, na sexta-feira. Ainda de acordo com o registro policial, por volta das 13h30, o pai chegou em casa depois de buscar a filha de 16 anos na escola. O jovem, ent\u00e3o, o baleou pelas costas na cozinha. Em seguida, foi ao andar superior da casa e atirou na irm\u00e3.<\/p>\n\n\n\n<p>O adolescente, em seu relato \u00e0 pol\u00edcia, afirma que ainda voltou para a cozinha e almo\u00e7ou. Na sequ\u00eancia, foi para a academia e retornou para casa para aguardar a chegada da m\u00e3e. Ele conta que, por volta das 19h, abriu o port\u00e3o para a m\u00e3e e atirou nela.<\/p>\n\n\n\n<p>Ao longo do final de semana, o adolescente manteve a rotina, saindo para ir \u00e0 academia e \u00e0 padaria para comprar comida. Na noite de domingo (19), o filho ligou para a pol\u00edcia para comunicar os crimes. O adolescente afirmou que j\u00e1 tinha pensado em matar os pais em outras ocasi\u00f5es, mas n\u00e3o chegou a elaborar o plano, e que teve de matar a irm\u00e3 porque ela estava no local.<\/p>\n\n\n\n<p>Segundo o boletim de ocorr\u00eancia, o adolescente afirmou que n\u00e3o se arrependeu dos crimes. De acordo com a SSP (Secretaria da Seguran\u00e7a P\u00fablica), o caso foi registrado no 33\u00ba DP (Pirituba) como ato infracional de homic\u00eddio e feminic\u00eddio; ato infracional de posse ou porte ilegal de arma de fogo e ato infracional de vilip\u00eandio a cad\u00e1ver. O adolescente foi apreendido e encaminhado para a Funda\u00e7\u00e3o Casa.<\/p>\n\n\n\n<p><strong><sub>fonte: Sampi \/ Folhapress<\/sub><\/strong><\/p>\n<input type=\"hidden\" id=\"baseurl\" value=\"https:\/\/noticiasregionais.com.br\"><input type=\"hidden\" id=\"audio_nonce\" value=\"533fbb67b1\">","protected":false},"excerpt":{"rendered":"<p>O crime aconteceu na Vila Jaguara, na zona oeste de S\u00e3o Paulo, na sexta-feira (17), mas s\u00f3 foi descoberto na&hellip;<\/p>\n","protected":false},"author":1,"featured_media":2991,"comment_status":"closed","ping_status":"open","sticky":false,"template":"","format":"standard","meta":{"sfsi_plus_gutenberg_text_before_share":"","sfsi_plus_gutenberg_show_text_before_share":"","sfsi_plus_gutenberg_icon_type":"","sfsi_plus_gutenberg_icon_alignemt":"","sfsi_plus_gutenburg_max_per_row":"","footnotes":""},"categories":[6,12,1],"tags":[],"class_list":["post-2990","post","type-post","status-publish","format-standard","has-post-thumbnail","hentry","category-sao_paulo","category-capa","category-noticias"],"_links":{"self":[{"href":"https:\/\/noticiasregionais.com.br\/index.php?rest_route=\/wp\/v2\/posts\/2990","targetHints":{"allow":["GET"]}}],"collection":[{"href":"https:\/\/noticiasregionais.com.br\/index.php?rest_route=\/wp\/v2\/posts"}],"about":[{"href":"https:\/\/noticiasregionais.com.br\/index.php?rest_route=\/wp\/v2\/types\/post"}],"author":[{"embeddable":true,"href":"https:\/\/noticiasregionais.com.br\/index.php?rest_route=\/wp\/v2\/users\/1"}],"replies":[{"embeddable":true,"href":"https:\/\/noticiasregionais.com.br\/index.php?rest_route=%2Fwp%2Fv2%2Fcomments&post=2990"}],"version-history":[{"count":1,"href":"https:\/\/noticiasregionais.com.br\/index.php?rest_route=\/wp\/v2\/posts\/2990\/revisions"}],"predecessor-version":[{"id":2992,"href":"https:\/\/noticiasregionais.com.br\/index.php?rest_route=\/wp\/v2\/posts\/2990\/revisions\/2992"}],"wp:featuredmedia":[{"embeddable":true,"href":"https:\/\/noticiasregionais.com.br\/index.php?rest_route=\/wp\/v2\/media\/2991"}],"wp:attachment":[{"href":"https:\/\/noticiasregionais.com.br\/index.php?rest_route=%2Fwp%2Fv2%2Fmedia&parent=2990"}],"wp:term":[{"taxonomy":"category","embeddable":true,"href":"https:\/\/noticiasregionais.com.br\/index.php?rest_route=%2Fwp%2Fv2%2Fcategories&post=2990"},{"taxonomy":"post_tag","embeddable":true,"href":"https:\/\/noticiasregionais.com.br\/index.php?rest_route=%2Fwp%2Fv2%2Ftags&post=2990"}],"curies":[{"name":"wp","href":"https:\/\/api.w.org\/{rel}","templated":true}]}}