{"id":2993,"date":"2024-05-21T09:10:22","date_gmt":"2024-05-21T12:10:22","guid":{"rendered":"https:\/\/noticiasregionais.com.br\/?p=2993"},"modified":"2024-05-21T09:16:09","modified_gmt":"2024-05-21T12:16:09","slug":"prf-apreende-quase-meia-tonelada-de-maconha-e-recupera-veiculo-em-nova-fatima","status":"publish","type":"post","link":"https:\/\/noticiasregionais.com.br\/?p=2993","title":{"rendered":"PRF apreende quase meia tonelada de maconha e recupera ve\u00edculo em Nova F\u00e1tima."},"content":{"rendered":"\n<p>Ocorr\u00eancia aconteceu na noite desta segunda-feira (20), na PR 160, quando agentes da PRF deslocavam pela rodovia e suspeitaram de uma manobra brusca de um Fiat Argo, e procederam a abordagem.<\/p>\n\n\n\n<p>No interior do ve\u00edculo foram localizados diversos fardos de maconha, totalizando 453 kg da droga. Ap\u00f3s consultas aos sistemas, tamb\u00e9m foi verificado que o ve\u00edculo havia sido furtado no na cidade de Porto Ferreira\/SP, em mar\u00e7o deste ano.<\/p>\n\n\n\n<figure class=\"wp-block-embed is-type-video is-provider-youtube wp-block-embed-youtube wp-embed-aspect-16-9 wp-has-aspect-ratio\"><div class=\"wp-block-embed__wrapper\">\n<iframe loading=\"lazy\" title=\"PRF apreende quase meia tonelada de droga\" width=\"640\" height=\"360\" src=\"https:\/\/www.youtube.com\/embed\/qCT3sBL2mvI?feature=oembed\" frameborder=\"0\" allow=\"accelerometer; autoplay; clipboard-write; encrypted-media; gyroscope; picture-in-picture; web-share\" referrerpolicy=\"strict-origin-when-cross-origin\" allowfullscreen><\/iframe>\n<\/div><\/figure>\n\n\n\n<p>O condutor e o passageiro informaram que buscaram a droga em Francisco Alves e levariam at\u00e9 Santo Ant\u00f4nio da Platina. Os dois j\u00e1 possu\u00edam antecedentes criminais por tr\u00e1fico de drogas.<\/p>\n\n\n\n<p>Diante dos fatos, os dois foram presos em flagrante e encaminhados para a Delegacia de Nova F\u00e1tima.<\/p>\n\n\n<div class=\"wp-block-image\">\n<figure class=\"aligncenter size-large\"><img decoding=\"async\" width=\"1024\" height=\"768\" src=\"https:\/\/noticiasregionais.com.br\/wp-content\/uploads\/2024\/05\/WhatsApp-Image-2024-05-20-at-23.20.04-1024x768.jpeg\" alt=\"\" class=\"wp-image-2994\" srcset=\"https:\/\/noticiasregionais.com.br\/wp-content\/uploads\/2024\/05\/WhatsApp-Image-2024-05-20-at-23.20.04-1024x768.jpeg 1024w, https:\/\/noticiasregionais.com.br\/wp-content\/uploads\/2024\/05\/WhatsApp-Image-2024-05-20-at-23.20.04-300x225.jpeg 300w, https:\/\/noticiasregionais.com.br\/wp-content\/uploads\/2024\/05\/WhatsApp-Image-2024-05-20-at-23.20.04-768x576.jpeg 768w, https:\/\/noticiasregionais.com.br\/wp-content\/uploads\/2024\/05\/WhatsApp-Image-2024-05-20-at-23.20.04-1536x1152.jpeg 1536w, https:\/\/noticiasregionais.com.br\/wp-content\/uploads\/2024\/05\/WhatsApp-Image-2024-05-20-at-23.20.04.jpeg 1600w\" sizes=\"(max-width: 1024px) 100vw, 1024px\" \/><\/figure>\n<\/div><input type=\"hidden\" id=\"baseurl\" value=\"https:\/\/noticiasregionais.com.br\"><input type=\"hidden\" id=\"audio_nonce\" value=\"533fbb67b1\">","protected":false},"excerpt":{"rendered":"<p>Ocorr\u00eancia aconteceu na noite desta segunda-feira (20), na PR 160, quando agentes da PRF deslocavam pela rodovia e suspeitaram de&hellip;<\/p>\n","protected":false},"author":1,"featured_media":2995,"comment_status":"closed","ping_status":"open","sticky":false,"template":"","format":"standard","meta":{"sfsi_plus_gutenberg_text_before_share":"","sfsi_plus_gutenberg_show_text_before_share":"","sfsi_plus_gutenberg_icon_type":"","sfsi_plus_gutenberg_icon_alignemt":"","sfsi_plus_gutenburg_max_per_row":"","footnotes":""},"categories":[7,10,1],"tags":[],"class_list":["post-2993","post","type-post","status-publish","format-standard","has-post-thumbnail","hentry","category-parana","category-destaques","category-noticias"],"_links":{"self":[{"href":"https:\/\/noticiasregionais.com.br\/index.php?rest_route=\/wp\/v2\/posts\/2993","targetHints":{"allow":["GET"]}}],"collection":[{"href":"https:\/\/noticiasregionais.com.br\/index.php?rest_route=\/wp\/v2\/posts"}],"about":[{"href":"https:\/\/noticiasregionais.com.br\/index.php?rest_route=\/wp\/v2\/types\/post"}],"author":[{"embeddable":true,"href":"https:\/\/noticiasregionais.com.br\/index.php?rest_route=\/wp\/v2\/users\/1"}],"replies":[{"embeddable":true,"href":"https:\/\/noticiasregionais.com.br\/index.php?rest_route=%2Fwp%2Fv2%2Fcomments&post=2993"}],"version-history":[{"count":2,"href":"https:\/\/noticiasregionais.com.br\/index.php?rest_route=\/wp\/v2\/posts\/2993\/revisions"}],"predecessor-version":[{"id":2997,"href":"https:\/\/noticiasregionais.com.br\/index.php?rest_route=\/wp\/v2\/posts\/2993\/revisions\/2997"}],"wp:featuredmedia":[{"embeddable":true,"href":"https:\/\/noticiasregionais.com.br\/index.php?rest_route=\/wp\/v2\/media\/2995"}],"wp:attachment":[{"href":"https:\/\/noticiasregionais.com.br\/index.php?rest_route=%2Fwp%2Fv2%2Fmedia&parent=2993"}],"wp:term":[{"taxonomy":"category","embeddable":true,"href":"https:\/\/noticiasregionais.com.br\/index.php?rest_route=%2Fwp%2Fv2%2Fcategories&post=2993"},{"taxonomy":"post_tag","embeddable":true,"href":"https:\/\/noticiasregionais.com.br\/index.php?rest_route=%2Fwp%2Fv2%2Ftags&post=2993"}],"curies":[{"name":"wp","href":"https:\/\/api.w.org\/{rel}","templated":true}]}}