{"id":3001,"date":"2024-05-21T12:43:56","date_gmt":"2024-05-21T15:43:56","guid":{"rendered":"https:\/\/noticiasregionais.com.br\/?p=3001"},"modified":"2024-05-21T12:44:01","modified_gmt":"2024-05-21T15:44:01","slug":"drogas-e-arma-apreendidas-em-canitar-traficante-conhecido-e-preso","status":"publish","type":"post","link":"https:\/\/noticiasregionais.com.br\/?p=3001","title":{"rendered":"Drogas e arma apreendidas em Canitar: traficante conhecido \u00e9 preso"},"content":{"rendered":"\n<p>Na noite de ontem (20), uma a\u00e7\u00e3o conjunta da For\u00e7a T\u00e1tica do 31\u00ba BPM\/I resultou na pris\u00e3o de um traficante conhecido em Canitar e na apreens\u00e3o de drogas, armas e dinheiro.<\/p>\n\n\n\n<p>Tudo come\u00e7ou com a abordagem de um ve\u00edculo na Rodovia Mello Peixoto, em Ourinhos. O condutor, j\u00e1 com passagens por tr\u00e1fico de drogas, portava R$ 2.000,00 em dinheiro sem proced\u00eancia.<\/p>\n\n\n\n<p>Com base na fundada suspeita, os policiais seguiram para a resid\u00eancia do indiv\u00edduo em Canitar, onde a busca autorizada resultou em uma s\u00e9rie de apreens\u00f5es:<\/p>\n\n\n\n<ul class=\"wp-block-list\">\n<li>Rev\u00f3lver calibre 38 com oito muni\u00e7\u00f5es intactas;<\/li>\n\n\n\n<li>0,003 kg de crack;<\/li>\n\n\n\n<li>R$ 2.081,00 em dinheiro;<\/li>\n\n\n\n<li>Aparelhos utilizados para fracionar e embalar drogas.<\/li>\n<\/ul>\n\n\n\n<p>Diante das provas, o homem foi preso em flagrante pelos crimes de tr\u00e1fico de drogas e posse ilegal de arma de fogo. Ele foi conduzido \u00e0 Central de Pol\u00edcia Judici\u00e1ria de Ourinhos para registro da ocorr\u00eancia e permanece \u00e0 disposi\u00e7\u00e3o da justi\u00e7a.<\/p>\n\n\n\n<p>A a\u00e7\u00e3o da For\u00e7a T\u00e1tica demonstra o compromisso da Pol\u00edcia Militar com o combate ao crime organizado e \u00e0 garantia da seguran\u00e7a p\u00fablica na regi\u00e3o.<\/p>\n\n\n\n<p><strong>Detalhes da Opera\u00e7\u00e3o:<\/strong><\/p>\n\n\n\n<ul class=\"wp-block-list\">\n<li><strong>Data:<\/strong> 20 de maio de 2024<\/li>\n\n\n\n<li><strong>Hor\u00e1rio:<\/strong> 19h30min<\/li>\n\n\n\n<li><strong>Local:<\/strong> Rua Catuai, Canitar\/SP<\/li>\n\n\n\n<li><strong>Unidades envolvidas:<\/strong> For\u00e7a T\u00e1tica do 31\u00ba BPM\/I<\/li>\n\n\n\n<li><strong>Objetos apreendidos:<\/strong>\n<ul class=\"wp-block-list\">\n<li>Rev\u00f3lver calibre 38<\/li>\n\n\n\n<li>8 muni\u00e7\u00f5es intactas<\/li>\n\n\n\n<li>0,003 kg de crack<\/li>\n\n\n\n<li>R$ 2.081,00 em dinheiro<\/li>\n\n\n\n<li>Aparelhos para fracionar e embalar drogas<\/li>\n<\/ul>\n<\/li>\n\n\n\n<li><strong>Detido:<\/strong> Homem com antecedentes por tr\u00e1fico de drogas<\/li>\n<\/ul>\n\n\n\n<p><strong>Importante:<\/strong><\/p>\n\n\n\n<ul class=\"wp-block-list\">\n<li>O nome do detido n\u00e3o foi divulgado para preservar sua identidade.<\/li>\n\n\n\n<li>A investiga\u00e7\u00e3o segue em andamento para identificar outros envolvidos no tr\u00e1fico de drogas na regi\u00e3o.<\/li>\n<\/ul>\n\n\n\n<p><strong>A Pol\u00edcia Militar orienta a popula\u00e7\u00e3o a denunciar qualquer atividade suspeita pelo telefone 190.<\/strong><\/p>\n<input type=\"hidden\" id=\"baseurl\" value=\"https:\/\/noticiasregionais.com.br\"><input type=\"hidden\" id=\"audio_nonce\" value=\"533fbb67b1\">","protected":false},"excerpt":{"rendered":"<p>Na noite de ontem (20), uma a\u00e7\u00e3o conjunta da For\u00e7a T\u00e1tica do 31\u00ba BPM\/I resultou na pris\u00e3o de um traficante&hellip;<\/p>\n","protected":false},"author":1,"featured_media":3002,"comment_status":"closed","ping_status":"open","sticky":false,"template":"","format":"standard","meta":{"sfsi_plus_gutenberg_text_before_share":"","sfsi_plus_gutenberg_show_text_before_share":"","sfsi_plus_gutenberg_icon_type":"","sfsi_plus_gutenberg_icon_alignemt":"","sfsi_plus_gutenburg_max_per_row":"","footnotes":""},"categories":[5,10,1],"tags":[],"class_list":["post-3001","post","type-post","status-publish","format-standard","has-post-thumbnail","hentry","category-ourinhos","category-destaques","category-noticias"],"_links":{"self":[{"href":"https:\/\/noticiasregionais.com.br\/index.php?rest_route=\/wp\/v2\/posts\/3001","targetHints":{"allow":["GET"]}}],"collection":[{"href":"https:\/\/noticiasregionais.com.br\/index.php?rest_route=\/wp\/v2\/posts"}],"about":[{"href":"https:\/\/noticiasregionais.com.br\/index.php?rest_route=\/wp\/v2\/types\/post"}],"author":[{"embeddable":true,"href":"https:\/\/noticiasregionais.com.br\/index.php?rest_route=\/wp\/v2\/users\/1"}],"replies":[{"embeddable":true,"href":"https:\/\/noticiasregionais.com.br\/index.php?rest_route=%2Fwp%2Fv2%2Fcomments&post=3001"}],"version-history":[{"count":1,"href":"https:\/\/noticiasregionais.com.br\/index.php?rest_route=\/wp\/v2\/posts\/3001\/revisions"}],"predecessor-version":[{"id":3003,"href":"https:\/\/noticiasregionais.com.br\/index.php?rest_route=\/wp\/v2\/posts\/3001\/revisions\/3003"}],"wp:featuredmedia":[{"embeddable":true,"href":"https:\/\/noticiasregionais.com.br\/index.php?rest_route=\/wp\/v2\/media\/3002"}],"wp:attachment":[{"href":"https:\/\/noticiasregionais.com.br\/index.php?rest_route=%2Fwp%2Fv2%2Fmedia&parent=3001"}],"wp:term":[{"taxonomy":"category","embeddable":true,"href":"https:\/\/noticiasregionais.com.br\/index.php?rest_route=%2Fwp%2Fv2%2Fcategories&post=3001"},{"taxonomy":"post_tag","embeddable":true,"href":"https:\/\/noticiasregionais.com.br\/index.php?rest_route=%2Fwp%2Fv2%2Ftags&post=3001"}],"curies":[{"name":"wp","href":"https:\/\/api.w.org\/{rel}","templated":true}]}}