{"id":3004,"date":"2024-05-21T12:54:44","date_gmt":"2024-05-21T15:54:44","guid":{"rendered":"https:\/\/noticiasregionais.com.br\/?p=3004"},"modified":"2024-05-21T12:54:55","modified_gmt":"2024-05-21T15:54:55","slug":"homem-e-preso-em-operacao-na-sp-225-em-santa-cruz-do-rio-pardo","status":"publish","type":"post","link":"https:\/\/noticiasregionais.com.br\/?p=3004","title":{"rendered":"Homem \u00e9 Preso em Opera\u00e7\u00e3o na SP-225 em Santa Cruz do Rio Pardo"},"content":{"rendered":"\n<p class=\"has-text-align-center\"><strong>Durante vistoria a um Hyundai HB20 foram encontrados 170 tabletes de maconha escondidos no porta-malas<\/strong><\/p>\n\n\n\n<p>Na manh\u00e3 desta ter\u00e7a-feira (21), a Pol\u00edcia Militar Rodovi\u00e1ria realizou uma importante apreens\u00e3o de drogas durante a Opera\u00e7\u00e3o Impacto, na Rodovia Engenheiro Jo\u00e3o Batista Cabral Renn\u00f3 (SP-225), altura do km 298, em Santa Cruz do Rio Pardo\/SP. A a\u00e7\u00e3o foi conduzida pelo 3\u00b0 Pelot\u00e3o da 3\u00aa Companhia do 2\u00b0 Batalh\u00e3o de Pol\u00edcia Rodovi\u00e1ria.<\/p>\n\n\n\n<p>Os policiais militares abordaram um Hyundai HB20 que estava sendo conduzido por um \u00fanico indiv\u00edduo. Durante a vistoria no ve\u00edculo, foram encontrados 170 tabletes de maconha escondidos no porta-malas. O motorista foi preso em flagrante por tr\u00e1fico de drogas.<\/p>\n\n\n\n<p>A ocorr\u00eancia foi encaminhada \u00e0 Central de Pol\u00edcia Judici\u00e1ria de Santa Cruz do Rio Pardo, onde o caso ser\u00e1 investigado e o suspeito permanecer\u00e1 \u00e0 disposi\u00e7\u00e3o da Justi\u00e7a.<\/p>\n\n\n\n<p>A Opera\u00e7\u00e3o Impacto faz parte das diversas iniciativas da Pol\u00edcia Militar para combater o tr\u00e1fico de drogas e aumentar a seguran\u00e7a nas rodovias do estado de S\u00e3o Paulo. A a\u00e7\u00e3o refor\u00e7a o compromisso da corpora\u00e7\u00e3o, que se aproxima dos 200 anos de exist\u00eancia, em manter a seguran\u00e7a e a ordem p\u00fablica.<\/p>\n\n\n\n<h4 class=\"wp-block-heading\">Pol\u00edcia Militar, rumo aos 200 anos! Vamos todos juntos. Ningu\u00e9m fica para tr\u00e1s.<\/h4>\n\n\n\n<figure class=\"wp-block-gallery has-nested-images columns-default is-cropped wp-block-gallery-1 is-layout-flex wp-block-gallery-is-layout-flex\">\n<figure class=\"wp-block-image size-large\"><img decoding=\"async\" width=\"1024\" height=\"768\" data-id=\"3005\" src=\"https:\/\/noticiasregionais.com.br\/wp-content\/uploads\/2024\/05\/WhatsApp-Image-2024-05-21-at-12.48.46-1-1024x768.jpeg\" alt=\"\" class=\"wp-image-3005\" srcset=\"https:\/\/noticiasregionais.com.br\/wp-content\/uploads\/2024\/05\/WhatsApp-Image-2024-05-21-at-12.48.46-1-1024x768.jpeg 1024w, https:\/\/noticiasregionais.com.br\/wp-content\/uploads\/2024\/05\/WhatsApp-Image-2024-05-21-at-12.48.46-1-300x225.jpeg 300w, https:\/\/noticiasregionais.com.br\/wp-content\/uploads\/2024\/05\/WhatsApp-Image-2024-05-21-at-12.48.46-1-768x576.jpeg 768w, https:\/\/noticiasregionais.com.br\/wp-content\/uploads\/2024\/05\/WhatsApp-Image-2024-05-21-at-12.48.46-1.jpeg 1280w\" sizes=\"(max-width: 1024px) 100vw, 1024px\" \/><\/figure>\n\n\n\n<figure class=\"wp-block-image size-large\"><img decoding=\"async\" width=\"1024\" height=\"768\" data-id=\"3006\" src=\"https:\/\/noticiasregionais.com.br\/wp-content\/uploads\/2024\/05\/WhatsApp-Image-2024-05-21-at-12.48.46-1024x768.jpeg\" alt=\"\" class=\"wp-image-3006\" srcset=\"https:\/\/noticiasregionais.com.br\/wp-content\/uploads\/2024\/05\/WhatsApp-Image-2024-05-21-at-12.48.46-1024x768.jpeg 1024w, https:\/\/noticiasregionais.com.br\/wp-content\/uploads\/2024\/05\/WhatsApp-Image-2024-05-21-at-12.48.46-300x225.jpeg 300w, https:\/\/noticiasregionais.com.br\/wp-content\/uploads\/2024\/05\/WhatsApp-Image-2024-05-21-at-12.48.46-768x576.jpeg 768w, https:\/\/noticiasregionais.com.br\/wp-content\/uploads\/2024\/05\/WhatsApp-Image-2024-05-21-at-12.48.46.jpeg 1280w\" sizes=\"(max-width: 1024px) 100vw, 1024px\" \/><\/figure>\n<\/figure>\n<input type=\"hidden\" id=\"baseurl\" value=\"https:\/\/noticiasregionais.com.br\"><input type=\"hidden\" id=\"audio_nonce\" value=\"533fbb67b1\">","protected":false},"excerpt":{"rendered":"<p>Durante vistoria a um Hyundai HB20 foram encontrados 170 tabletes de maconha escondidos no porta-malas Na manh\u00e3 desta ter\u00e7a-feira (21),&hellip;<\/p>\n","protected":false},"author":1,"featured_media":3007,"comment_status":"closed","ping_status":"open","sticky":false,"template":"","format":"standard","meta":{"sfsi_plus_gutenberg_text_before_share":"","sfsi_plus_gutenberg_show_text_before_share":"","sfsi_plus_gutenberg_icon_type":"","sfsi_plus_gutenberg_icon_alignemt":"","sfsi_plus_gutenburg_max_per_row":"","footnotes":""},"categories":[6,12,1],"tags":[],"class_list":["post-3004","post","type-post","status-publish","format-standard","has-post-thumbnail","hentry","category-sao_paulo","category-capa","category-noticias"],"_links":{"self":[{"href":"https:\/\/noticiasregionais.com.br\/index.php?rest_route=\/wp\/v2\/posts\/3004","targetHints":{"allow":["GET"]}}],"collection":[{"href":"https:\/\/noticiasregionais.com.br\/index.php?rest_route=\/wp\/v2\/posts"}],"about":[{"href":"https:\/\/noticiasregionais.com.br\/index.php?rest_route=\/wp\/v2\/types\/post"}],"author":[{"embeddable":true,"href":"https:\/\/noticiasregionais.com.br\/index.php?rest_route=\/wp\/v2\/users\/1"}],"replies":[{"embeddable":true,"href":"https:\/\/noticiasregionais.com.br\/index.php?rest_route=%2Fwp%2Fv2%2Fcomments&post=3004"}],"version-history":[{"count":1,"href":"https:\/\/noticiasregionais.com.br\/index.php?rest_route=\/wp\/v2\/posts\/3004\/revisions"}],"predecessor-version":[{"id":3008,"href":"https:\/\/noticiasregionais.com.br\/index.php?rest_route=\/wp\/v2\/posts\/3004\/revisions\/3008"}],"wp:featuredmedia":[{"embeddable":true,"href":"https:\/\/noticiasregionais.com.br\/index.php?rest_route=\/wp\/v2\/media\/3007"}],"wp:attachment":[{"href":"https:\/\/noticiasregionais.com.br\/index.php?rest_route=%2Fwp%2Fv2%2Fmedia&parent=3004"}],"wp:term":[{"taxonomy":"category","embeddable":true,"href":"https:\/\/noticiasregionais.com.br\/index.php?rest_route=%2Fwp%2Fv2%2Fcategories&post=3004"},{"taxonomy":"post_tag","embeddable":true,"href":"https:\/\/noticiasregionais.com.br\/index.php?rest_route=%2Fwp%2Fv2%2Ftags&post=3004"}],"curies":[{"name":"wp","href":"https:\/\/api.w.org\/{rel}","templated":true}]}}