{"id":3009,"date":"2024-05-21T13:00:04","date_gmt":"2024-05-21T16:00:04","guid":{"rendered":"https:\/\/noticiasregionais.com.br\/?p=3009"},"modified":"2024-05-21T13:00:07","modified_gmt":"2024-05-21T16:00:07","slug":"casal-preso-por-trafico-de-droga-em-operacao-impacto-na-rodovia-rachid-rayes-em-marilia","status":"publish","type":"post","link":"https:\/\/noticiasregionais.com.br\/?p=3009","title":{"rendered":"Casal Preso por Tr\u00e1fico de Droga em Opera\u00e7\u00e3o Impacto na Rodovia Rachid Rayes em Mar\u00edlia"},"content":{"rendered":"\n<p>Um casal foi preso na manh\u00e3 de hoje por tr\u00e1fico de drogas durante uma opera\u00e7\u00e3o da Pol\u00edcia Militar Rodovi\u00e1ria na Rodovia Rachid Rayes (SP-333), em Mar\u00edlia. A a\u00e7\u00e3o aconteceu por volta das 10h25, no km 340 da rodovia.<\/p>\n\n\n\n<p>As pris\u00f5es ocorreram durante a Opera\u00e7\u00e3o Impacto, que visa combater crimes no tr\u00e2nsito. Os policiais abordaram um ve\u00edculo Hyundai\/HB 20 ocupado pelo condutor e uma passageira. Durante a vistoria, os agentes encontraram diversos pacotes da droga skank no porta-malas do carro.<\/p>\n\n\n\n<p>Diante da apreens\u00e3o da droga, o casal foi preso e encaminhado \u00e0 Central de Pol\u00edcia Judici\u00e1ria de Mar\u00edlia, onde prestar\u00e3o depoimento e responder\u00e3o pelos crimes de tr\u00e1fico de drogas.<\/p>\n\n\n\n<p><strong>A\u00e7\u00e3o da PM refor\u00e7a o compromisso com a seguran\u00e7a nas estradas<\/strong><\/p>\n\n\n\n<p>A pris\u00e3o do casal \u00e9 um importante resultado da atua\u00e7\u00e3o da Pol\u00edcia Militar Rodovi\u00e1ria na regi\u00e3o. A Opera\u00e7\u00e3o Impacto tem como objetivo intensificar o policiamento nas rodovias e coibir crimes como o tr\u00e1fico de drogas, que coloca em risco a seguran\u00e7a dos usu\u00e1rios das vias.<\/p>\n\n\n\n<p>A PM refor\u00e7a seu compromisso com a seguran\u00e7a nas estradas e pede a colabora\u00e7\u00e3o da popula\u00e7\u00e3o para denunciar qualquer atividade suspeita. As den\u00fancias podem ser feitas pelo telefone 190 ou pelo site da PMESP.<\/p>\n\n\n\n<p><strong>Pol\u00edcia Militar: Rumo aos 200 Anos! Vamos Todos Juntos. Ningu\u00e9m Fica para Tr\u00e1s.<\/strong><\/p>\n\n\n\n<figure class=\"wp-block-gallery has-nested-images columns-default is-cropped wp-block-gallery-1 is-layout-flex wp-block-gallery-is-layout-flex\">\n<figure class=\"wp-block-image size-large\"><img decoding=\"async\" width=\"1024\" height=\"768\" data-id=\"3011\" src=\"https:\/\/noticiasregionais.com.br\/wp-content\/uploads\/2024\/05\/WhatsApp-Image-2024-05-21-at-12.48.47-2-1024x768.jpeg\" alt=\"\" class=\"wp-image-3011\" srcset=\"https:\/\/noticiasregionais.com.br\/wp-content\/uploads\/2024\/05\/WhatsApp-Image-2024-05-21-at-12.48.47-2-1024x768.jpeg 1024w, https:\/\/noticiasregionais.com.br\/wp-content\/uploads\/2024\/05\/WhatsApp-Image-2024-05-21-at-12.48.47-2-300x225.jpeg 300w, https:\/\/noticiasregionais.com.br\/wp-content\/uploads\/2024\/05\/WhatsApp-Image-2024-05-21-at-12.48.47-2-768x576.jpeg 768w, https:\/\/noticiasregionais.com.br\/wp-content\/uploads\/2024\/05\/WhatsApp-Image-2024-05-21-at-12.48.47-2-1536x1152.jpeg 1536w, https:\/\/noticiasregionais.com.br\/wp-content\/uploads\/2024\/05\/WhatsApp-Image-2024-05-21-at-12.48.47-2.jpeg 1600w\" sizes=\"(max-width: 1024px) 100vw, 1024px\" \/><\/figure>\n\n\n\n<figure class=\"wp-block-image size-large\"><img decoding=\"async\" width=\"768\" height=\"1024\" data-id=\"3010\" src=\"https:\/\/noticiasregionais.com.br\/wp-content\/uploads\/2024\/05\/WhatsApp-Image-2024-05-21-at-12.48.47-1-768x1024.jpeg\" alt=\"\" class=\"wp-image-3010\" srcset=\"https:\/\/noticiasregionais.com.br\/wp-content\/uploads\/2024\/05\/WhatsApp-Image-2024-05-21-at-12.48.47-1-768x1024.jpeg 768w, https:\/\/noticiasregionais.com.br\/wp-content\/uploads\/2024\/05\/WhatsApp-Image-2024-05-21-at-12.48.47-1-225x300.jpeg 225w, https:\/\/noticiasregionais.com.br\/wp-content\/uploads\/2024\/05\/WhatsApp-Image-2024-05-21-at-12.48.47-1-1152x1536.jpeg 1152w, https:\/\/noticiasregionais.com.br\/wp-content\/uploads\/2024\/05\/WhatsApp-Image-2024-05-21-at-12.48.47-1.jpeg 1200w\" sizes=\"(max-width: 768px) 100vw, 768px\" \/><\/figure>\n<\/figure>\n<input type=\"hidden\" id=\"baseurl\" value=\"https:\/\/noticiasregionais.com.br\"><input type=\"hidden\" id=\"audio_nonce\" value=\"533fbb67b1\">","protected":false},"excerpt":{"rendered":"<p>Um casal foi preso na manh\u00e3 de hoje por tr\u00e1fico de drogas durante uma opera\u00e7\u00e3o da Pol\u00edcia Militar Rodovi\u00e1ria na&hellip;<\/p>\n","protected":false},"author":1,"featured_media":3012,"comment_status":"closed","ping_status":"open","sticky":false,"template":"","format":"standard","meta":{"sfsi_plus_gutenberg_text_before_share":"","sfsi_plus_gutenberg_show_text_before_share":"","sfsi_plus_gutenberg_icon_type":"","sfsi_plus_gutenberg_icon_alignemt":"","sfsi_plus_gutenburg_max_per_row":"","footnotes":""},"categories":[6,10,1],"tags":[],"class_list":["post-3009","post","type-post","status-publish","format-standard","has-post-thumbnail","hentry","category-sao_paulo","category-destaques","category-noticias"],"_links":{"self":[{"href":"https:\/\/noticiasregionais.com.br\/index.php?rest_route=\/wp\/v2\/posts\/3009","targetHints":{"allow":["GET"]}}],"collection":[{"href":"https:\/\/noticiasregionais.com.br\/index.php?rest_route=\/wp\/v2\/posts"}],"about":[{"href":"https:\/\/noticiasregionais.com.br\/index.php?rest_route=\/wp\/v2\/types\/post"}],"author":[{"embeddable":true,"href":"https:\/\/noticiasregionais.com.br\/index.php?rest_route=\/wp\/v2\/users\/1"}],"replies":[{"embeddable":true,"href":"https:\/\/noticiasregionais.com.br\/index.php?rest_route=%2Fwp%2Fv2%2Fcomments&post=3009"}],"version-history":[{"count":1,"href":"https:\/\/noticiasregionais.com.br\/index.php?rest_route=\/wp\/v2\/posts\/3009\/revisions"}],"predecessor-version":[{"id":3013,"href":"https:\/\/noticiasregionais.com.br\/index.php?rest_route=\/wp\/v2\/posts\/3009\/revisions\/3013"}],"wp:featuredmedia":[{"embeddable":true,"href":"https:\/\/noticiasregionais.com.br\/index.php?rest_route=\/wp\/v2\/media\/3012"}],"wp:attachment":[{"href":"https:\/\/noticiasregionais.com.br\/index.php?rest_route=%2Fwp%2Fv2%2Fmedia&parent=3009"}],"wp:term":[{"taxonomy":"category","embeddable":true,"href":"https:\/\/noticiasregionais.com.br\/index.php?rest_route=%2Fwp%2Fv2%2Fcategories&post=3009"},{"taxonomy":"post_tag","embeddable":true,"href":"https:\/\/noticiasregionais.com.br\/index.php?rest_route=%2Fwp%2Fv2%2Ftags&post=3009"}],"curies":[{"name":"wp","href":"https:\/\/api.w.org\/{rel}","templated":true}]}}