{"id":3014,"date":"2024-05-21T19:44:54","date_gmt":"2024-05-21T22:44:54","guid":{"rendered":"https:\/\/noticiasregionais.com.br\/?p=3014"},"modified":"2024-05-21T19:56:38","modified_gmt":"2024-05-21T22:56:38","slug":"vereadores-de-ourinhos-aprovam-cpi-para-investigar-contratacao-milionaria-na-educacao-infantil","status":"publish","type":"post","link":"https:\/\/noticiasregionais.com.br\/?p=3014","title":{"rendered":"Vereadores de Ourinhos aprovam CPI para investigar contrata\u00e7\u00e3o milion\u00e1ria na educa\u00e7\u00e3o infantil"},"content":{"rendered":"\n<p class=\"has-text-align-center\"><strong>Sorteio de membros foi um banho de \u00e1gua fria nas inten\u00e7\u00f5es de investigar de forma isenta e imparcial, uma vez que comiss\u00e3o ter\u00e1 5 vereadores aliados de Pocay, sendo presidida por Santiago<\/strong><\/p>\n\n\n\n<p>Na noite de ontem 20\/05\/2024, seis vereadores de Ourinhos protocolaram um requerimento solicitando a instala\u00e7\u00e3o de uma Comiss\u00e3o Parlamentar de Inqu\u00e9rito (CPI) para apurar poss\u00edveis ilegalidades na contrata\u00e7\u00e3o do Instituto de Gest\u00e3o Educacional e Valoriza\u00e7\u00e3o do Ensino (IGEVE) pela Prefeitura Municipal. A contrata\u00e7\u00e3o, que envolve a gest\u00e3o de servi\u00e7os operacionais em 31 unidades escolares, levantou d\u00favidas sobre sua legalidade e transpar\u00eancia.<\/p>\n\n\n\n<p>A CPI foi solicitada por Gil Carvalho, Roberto Tasca, Guilherme Gon\u00e7alves, Roberta Stopa, Latinha e Nilce, que visam investigar o Termo de Colabora\u00e7\u00e3o n\u00ba 15\/2024, firmado atrav\u00e9s da Dispensa de Chamamento P\u00fablico n\u00ba 16\/2024. Este acordo, que tem um valor de R$ 27.892.177,68, foi estabelecido para executar servi\u00e7os n\u00e3o pedag\u00f3gicos em unidades escolares, atendendo cerca de 4.000 crian\u00e7as da educa\u00e7\u00e3o infantil por um per\u00edodo de 12 meses.<\/p>\n\n\n\n<p>Os vereadores questionam a legalidade da dispensa de chamamento p\u00fablico, que deveria ter seguido os princ\u00edpios constitucionais de concurso p\u00fablico para admiss\u00f5es, conforme o artigo 37 da Constitui\u00e7\u00e3o Federal e a Lei Org\u00e2nica do Munic\u00edpio de Ourinhos. A falta de transpar\u00eancia e a aus\u00eancia de discuss\u00f5es pr\u00e9vias com profissionais da educa\u00e7\u00e3o e conselhos municipais s\u00e3o apontadas como indicativos de poss\u00edveis irregularidades na contrata\u00e7\u00e3o.<\/p>\n\n\n\n<p>Al\u00e9m disso, a minuta do termo e o plano de trabalho n\u00e3o foram disponibilizados no site oficial da Prefeitura, o que agrava as suspeitas de ilegalidade. A contrata\u00e7\u00e3o tamb\u00e9m \u00e9 criticada por aparentar ser uma simula\u00e7\u00e3o para encobrir a intermedia\u00e7\u00e3o il\u00edcita de m\u00e3o de obra e favorecer indicados pol\u00edticos em ano eleitoral.<\/p>\n\n\n\n<p>No entanto, o sorteio dos membros da CPI trouxe uma reviravolta frustrante para os que esperavam uma investiga\u00e7\u00e3o rigorosa. Todos os cinco membros sorteados \u2013 Santiago de Lucas Angelo (presidente), Fernando Prado Francisco (relator), Ederson Aparecido Machado, Luiz Donizetti Bengozi e Alexandre Flor\u00eancio Dias \u2013 s\u00e3o aliados do prefeito Lucas Pocay. Este alinhamento pol\u00edtico levanta preocupa\u00e7\u00f5es sobre a imparcialidade e efic\u00e1cia da investiga\u00e7\u00e3o.<\/p>\n\n\n\n<p>Com a CPI dominada por defensores do atual gestor, a expectativa \u00e9 que a investiga\u00e7\u00e3o sobre a contrata\u00e7\u00e3o milion\u00e1ria e suas poss\u00edveis irregularidades seja minimizada. O prazo de funcionamento da Comiss\u00e3o \u00e9 de 90 dias, prorrog\u00e1veis por igual per\u00edodo, ao final dos quais um relat\u00f3rio ser\u00e1 elaborado para aprecia\u00e7\u00e3o do plen\u00e1rio.<\/p>\n\n\n\n<p>A comunidade aguarda com ansiedade o desenrolar das investiga\u00e7\u00f5es e a transpar\u00eancia na administra\u00e7\u00e3o dos recursos destinados \u00e0 educa\u00e7\u00e3o infantil, fundamentais para garantir a qualidade do ensino e o respeito \u00e0s leis que regem a administra\u00e7\u00e3o p\u00fablica.<\/p>\n<input type=\"hidden\" id=\"baseurl\" value=\"https:\/\/noticiasregionais.com.br\"><input type=\"hidden\" id=\"audio_nonce\" value=\"533fbb67b1\">","protected":false},"excerpt":{"rendered":"<p>Sorteio de membros foi um banho de \u00e1gua fria nas inten\u00e7\u00f5es de investigar de forma isenta e imparcial, uma vez&hellip;<\/p>\n","protected":false},"author":1,"featured_media":3018,"comment_status":"closed","ping_status":"open","sticky":false,"template":"","format":"standard","meta":{"sfsi_plus_gutenberg_text_before_share":"","sfsi_plus_gutenberg_show_text_before_share":"","sfsi_plus_gutenberg_icon_type":"","sfsi_plus_gutenberg_icon_alignemt":"","sfsi_plus_gutenburg_max_per_row":"","footnotes":""},"categories":[5,12,1],"tags":[],"class_list":["post-3014","post","type-post","status-publish","format-standard","has-post-thumbnail","hentry","category-ourinhos","category-capa","category-noticias"],"_links":{"self":[{"href":"https:\/\/noticiasregionais.com.br\/index.php?rest_route=\/wp\/v2\/posts\/3014","targetHints":{"allow":["GET"]}}],"collection":[{"href":"https:\/\/noticiasregionais.com.br\/index.php?rest_route=\/wp\/v2\/posts"}],"about":[{"href":"https:\/\/noticiasregionais.com.br\/index.php?rest_route=\/wp\/v2\/types\/post"}],"author":[{"embeddable":true,"href":"https:\/\/noticiasregionais.com.br\/index.php?rest_route=\/wp\/v2\/users\/1"}],"replies":[{"embeddable":true,"href":"https:\/\/noticiasregionais.com.br\/index.php?rest_route=%2Fwp%2Fv2%2Fcomments&post=3014"}],"version-history":[{"count":1,"href":"https:\/\/noticiasregionais.com.br\/index.php?rest_route=\/wp\/v2\/posts\/3014\/revisions"}],"predecessor-version":[{"id":3016,"href":"https:\/\/noticiasregionais.com.br\/index.php?rest_route=\/wp\/v2\/posts\/3014\/revisions\/3016"}],"wp:featuredmedia":[{"embeddable":true,"href":"https:\/\/noticiasregionais.com.br\/index.php?rest_route=\/wp\/v2\/media\/3018"}],"wp:attachment":[{"href":"https:\/\/noticiasregionais.com.br\/index.php?rest_route=%2Fwp%2Fv2%2Fmedia&parent=3014"}],"wp:term":[{"taxonomy":"category","embeddable":true,"href":"https:\/\/noticiasregionais.com.br\/index.php?rest_route=%2Fwp%2Fv2%2Fcategories&post=3014"},{"taxonomy":"post_tag","embeddable":true,"href":"https:\/\/noticiasregionais.com.br\/index.php?rest_route=%2Fwp%2Fv2%2Ftags&post=3014"}],"curies":[{"name":"wp","href":"https:\/\/api.w.org\/{rel}","templated":true}]}}