{"id":3019,"date":"2024-05-22T07:03:11","date_gmt":"2024-05-22T10:03:11","guid":{"rendered":"https:\/\/noticiasregionais.com.br\/?p=3019"},"modified":"2024-05-22T07:03:14","modified_gmt":"2024-05-22T10:03:14","slug":"tse-rejeita-cassacao-de-moro-com-aval-de-moraes-e-placar-de-7-a-0","status":"publish","type":"post","link":"https:\/\/noticiasregionais.com.br\/?p=3019","title":{"rendered":"TSE rejeita cassa\u00e7\u00e3o de Moro com aval de Moraes e placar de 7 a 0"},"content":{"rendered":"\n<p class=\"has-text-align-center\"><strong>O TSE (Tribunal Superior Eleitoral) decidiu por unanimidade na noite desta ter\u00e7a-feira (21) rejeitar os recursos que pediam a cassa\u00e7\u00e3o do senador Sergio Moro (Uni\u00e3o Brasil-PR).<\/strong><\/p>\n\n\n\n<p>A decis\u00e3o foi tomada com apoio do presidente da corte, Alexandre de Moraes, que completou o placar de 7 a 0 a favor de Moro, ap\u00f3s mobiliza\u00e7\u00e3o nos \u00faltimos anos de aliados de Lula (PT) e de Jair Bolsonaro (PL) pela perda de mandato do ex-juiz da Lava Jato.<\/p>\n\n\n\n<p>A cassa\u00e7\u00e3o foi negada no TSE pelo relator, Floriano de Azevedo, cujo voto foi acompanhado pelos demais (Andr\u00e9 Ramos Tavares, C\u00e1rmen L\u00facia, Kassio Nunes Marques, Raul Ara\u00fajo, Isabel Gallotti e Moraes).<\/p>\n\n\n\n<p>Moro foi alvo de recursos do PT e do PL que pediam a sua cassa\u00e7\u00e3o sob alega\u00e7\u00e3o de abuso de poder econ\u00f4mico, uso indevido dos meios de comunica\u00e7\u00e3o e caixa dois nas elei\u00e7\u00f5es de 2022. O caso foi parar no TSE ap\u00f3s a absolvi\u00e7\u00e3o do senador no TRE-PR (Tribunal Regional Eleitoral do Paran\u00e1).<\/p>\n\n\n\n<p>O cen\u00e1rio favor\u00e1vel a Moro acabou refor\u00e7ado pelas articula\u00e7\u00f5es das \u00faltimas semanas.<\/p>\n\n\n\n<p>O julgamento iniciou a menos de tr\u00eas semanas da sa\u00edda do ministro Alexandre de Moraes da corte, comandada por ele desde 2022. Em 3 de junho, o ministro encerra sua participa\u00e7\u00e3o como integrante do TSE -C\u00e1rmen L\u00facia ser\u00e1 sua sucessora na presid\u00eancia.<\/p>\n\n\n\n<p>Se fosse condenado, Moro poderia perder o mandato e se tornar ineleg\u00edvel a partir de 2022, o que o impossibilitaria de concorrer a pleitos at\u00e9 2030. Al\u00e9m disso, seriam realizadas novas elei\u00e7\u00f5es para a cadeira do Senado.<\/p>\n\n\n\n<p>As acusa\u00e7\u00f5es contra Moro tratavam, principalmente, de temas relacionados aos gastos no per\u00edodo que antecedeu a campanha oficial ao Senado. Os partidos argumentaram que os valores foram desproporcionais porque ele almejava a Presid\u00eancia da Rep\u00fablica, gerando desequil\u00edbrio entre os concorrentes.<\/p>\n\n\n\n<p>As duas siglas somaram os gastos de Moro desde novembro de 2021, quando se filiou ao Podemos, de olho na cadeira de presidente.<\/p>\n\n\n\n<p>Floriano considerou, em seu voto, que n\u00e3o restou caracterizado nos autos o uso irregular ou abuso de ve\u00edculos de comunica\u00e7\u00e3o. J\u00e1 sobre os gastos, ele afirmou que &#8220;se mostram censur\u00e1veis, mormente por candidatos que empenharam a bandeira da moralidade na pol\u00edtica&#8221;.<\/p>\n\n\n\n<p>Por\u00e9m ponderou que, para caracterizar uma conduta fraudulenta, seria preciso mais do que o estranhamento, ind\u00edcios, suspeitas ou convic\u00e7\u00e3o. &#8220;\u00c9 preciso haver prova, e prova robusta&#8221;, afirmou.<\/p>\n\n\n\n<p>A an\u00e1lise do processo come\u00e7ou na \u00faltima quinta-feira (16), com a leitura do relat\u00f3rio, que \u00e9 um resumo do caso, com os argumentos que foram apresentados pelas partes e pelo Minist\u00e9rio P\u00fablico nos autos.<\/p>\n\n\n\n<p>O cen\u00e1rio do julgamento era favor\u00e1vel a Moro porque, nas \u00faltimas semanas, Moraes e outras autoridades aliadas a ele vinham fazendo acenos ao Senado para evitar o acirramento dos atritos entre o Judici\u00e1rio e o Legislativo.<\/p>\n\n\n\n<p>No ano passado, senadores chegaram a aprovar uma PEC (proposta de emenda \u00e0 Constitui\u00e7\u00e3o) que limita as decis\u00f5es individuais de ministros do STF (Supremo Tribunal Federal), em rea\u00e7\u00e3o a pautas votadas pela corte.<\/p>\n\n\n\n<p>Al\u00e9m disso, h\u00e1 um movimento do pr\u00f3prio Senado contra a perda de mandato de seus integrantes. O presidente da Casa, Rodrigo Pacheco (PSD-MG), tratou pessoalmente do tema com Moraes.<\/p>\n\n\n\n<p>Esse cen\u00e1rio tamb\u00e9m n\u00e3o era interessante para o TSE, porque poderia levar ao Legislativo um parlamentar que fizesse ataques ao Judici\u00e1rio.<\/p>\n\n\n\n<p>Em abril, Moro foi absolvido pelo TRE-PR por 5 votos a 2. A maioria entendeu que n\u00e3o houve abuso de poder econ\u00f4mico durante sua pr\u00e9-campanha.<\/p>\n\n\n\n<p>Al\u00e9m disso, todos os sete ju\u00edzes rejeitaram a acusa\u00e7\u00e3o de uso indevido dos meios de comunica\u00e7\u00e3o social e tamb\u00e9m n\u00e3o reconheceram ind\u00edcios de caixa dois e triangula\u00e7\u00e3o de recursos.<\/p>\n\n\n\n<p>Os partidos recorreram ao TSE, que pediu manifesta\u00e7\u00e3o do Minist\u00e9rio P\u00fablico Eleitoral sobre o tema. O \u00f3rg\u00e3o se posicionou contra a cassa\u00e7\u00e3o do senador.<\/p>\n\n\n\n<p>O Minist\u00e9rio P\u00fablico disse que &#8220;n\u00e3o h\u00e1 indicativos seguros de que houve desvio ou omiss\u00e3o de recursos e tampouco intencional simula\u00e7\u00e3o de lan\u00e7amento de candidatura ao cargo de presidente com pretens\u00e3o de disputa senatorial no Paran\u00e1&#8221;.<\/p>\n\n\n\n<p>&#8220;Tamb\u00e9m inexiste comprova\u00e7\u00e3o de excesso ao teto de gastos na pr\u00e9-campanha (fase sequer regulamentada), inclusive se adotado o precedente de 10% do teto de campanha&#8221;, afirmou a manifesta\u00e7\u00e3o, assinada pelo vice-procurador-geral eleitoral, Alexandre Espinosa.<\/p>\n\n\n\n<p><strong><sub>fonte: Sampi \/ Folhapress<\/sub><\/strong><\/p>\n<input type=\"hidden\" id=\"baseurl\" value=\"https:\/\/noticiasregionais.com.br\"><input type=\"hidden\" id=\"audio_nonce\" value=\"533fbb67b1\">","protected":false},"excerpt":{"rendered":"<p>O TSE (Tribunal Superior Eleitoral) decidiu por unanimidade na noite desta ter\u00e7a-feira (21) rejeitar os recursos que pediam a cassa\u00e7\u00e3o&hellip;<\/p>\n","protected":false},"author":1,"featured_media":3021,"comment_status":"closed","ping_status":"open","sticky":false,"template":"","format":"standard","meta":{"sfsi_plus_gutenberg_text_before_share":"","sfsi_plus_gutenberg_show_text_before_share":"","sfsi_plus_gutenberg_icon_type":"","sfsi_plus_gutenberg_icon_alignemt":"","sfsi_plus_gutenburg_max_per_row":"","footnotes":""},"categories":[8,10,1],"tags":[],"class_list":["post-3019","post","type-post","status-publish","format-standard","has-post-thumbnail","hentry","category-brasil","category-destaques","category-noticias"],"_links":{"self":[{"href":"https:\/\/noticiasregionais.com.br\/index.php?rest_route=\/wp\/v2\/posts\/3019","targetHints":{"allow":["GET"]}}],"collection":[{"href":"https:\/\/noticiasregionais.com.br\/index.php?rest_route=\/wp\/v2\/posts"}],"about":[{"href":"https:\/\/noticiasregionais.com.br\/index.php?rest_route=\/wp\/v2\/types\/post"}],"author":[{"embeddable":true,"href":"https:\/\/noticiasregionais.com.br\/index.php?rest_route=\/wp\/v2\/users\/1"}],"replies":[{"embeddable":true,"href":"https:\/\/noticiasregionais.com.br\/index.php?rest_route=%2Fwp%2Fv2%2Fcomments&post=3019"}],"version-history":[{"count":1,"href":"https:\/\/noticiasregionais.com.br\/index.php?rest_route=\/wp\/v2\/posts\/3019\/revisions"}],"predecessor-version":[{"id":3022,"href":"https:\/\/noticiasregionais.com.br\/index.php?rest_route=\/wp\/v2\/posts\/3019\/revisions\/3022"}],"wp:featuredmedia":[{"embeddable":true,"href":"https:\/\/noticiasregionais.com.br\/index.php?rest_route=\/wp\/v2\/media\/3021"}],"wp:attachment":[{"href":"https:\/\/noticiasregionais.com.br\/index.php?rest_route=%2Fwp%2Fv2%2Fmedia&parent=3019"}],"wp:term":[{"taxonomy":"category","embeddable":true,"href":"https:\/\/noticiasregionais.com.br\/index.php?rest_route=%2Fwp%2Fv2%2Fcategories&post=3019"},{"taxonomy":"post_tag","embeddable":true,"href":"https:\/\/noticiasregionais.com.br\/index.php?rest_route=%2Fwp%2Fv2%2Ftags&post=3019"}],"curies":[{"name":"wp","href":"https:\/\/api.w.org\/{rel}","templated":true}]}}