{"id":3023,"date":"2024-05-22T19:52:02","date_gmt":"2024-05-22T22:52:02","guid":{"rendered":"https:\/\/noticiasregionais.com.br\/?p=3023"},"modified":"2024-05-22T19:52:04","modified_gmt":"2024-05-22T22:52:04","slug":"tres-elementos-sao-surpreendidos-com-drogas-e-presos-pela-forca-tatica-com-auxilio-de-caes-do-baep","status":"publish","type":"post","link":"https:\/\/noticiasregionais.com.br\/?p=3023","title":{"rendered":"Tr\u00eas elementos s\u00e3o surpreendidos com drogas e presos pela For\u00e7a T\u00e1tica com aux\u00edlio de c\u00e3es do BAEP"},"content":{"rendered":"\n<p class=\"has-text-align-center\"><strong>Os suspeitos haviam viajado para Ponta Por\u00e3\/PR  e trocado um ve\u00edculo VW\/Gol por drogas e planejavam retornar para Ourinhos em um \u00f4nibus da Empresa Motta.<\/strong><\/p>\n\n\n\n<p>Em uma opera\u00e7\u00e3o conjunta da Equipe K9 do 13\u00ba BAEP e da Equipe de For\u00e7a T\u00e1tica do 31\u00ba BPM\/I, a Pol\u00edcia Militar prendeu tr\u00eas indiv\u00edduos por tr\u00e1fico de drogas e associa\u00e7\u00e3o para o tr\u00e1fico na manh\u00e3 desta segunda-feira. A a\u00e7\u00e3o ocorreu na Rodovia Raposo Tavares, km 383, em Ourinhos\/SP.<\/p>\n\n\n\n<p>A pris\u00e3o de Leonardo A. R., de 22 anos, Pedro Henrique B. S., de 21 anos, e Bianca B. M., de 24 anos, aconteceu ap\u00f3s as equipes tomarem conhecimento de que os suspeitos haviam viajado para Ponta Por\u00e3\/PR no dia anterior. Eles teriam trocado um ve\u00edculo VW\/Gol por drogas e planejavam retornar para Ourinhos em um \u00f4nibus da Empresa Motta, que saiu de Ponta Por\u00e3 \u00e0s 17h.<\/p>\n\n\n\n<p>Com base nas informa\u00e7\u00f5es sobre os hor\u00e1rios de chegada do \u00f4nibus, as equipes de For\u00e7a T\u00e1tica e BAEP K9 se posicionaram na rodovia por volta das 09h00. Ao abordar o ve\u00edculo de passageiros, identificaram os tr\u00eas suspeitos e procederam com buscas pessoais, nas quais nada de il\u00edcito foi encontrado inicialmente. Durante a entrevista, mesmo informados sobre seus direitos constitucionais, Leonardo afirmou ser propriet\u00e1rio de uma mochila azul e laranja da marca Quicksilver, Pedro identificou-se como dono de uma bolsa feminina jeans e Bianca afirmou ser respons\u00e1vel por uma mala grande rosa.<\/p>\n\n\n\n<p>O c\u00e3o farejador Grey foi ent\u00e3o empregado no compartimento de bagagens, indicando positivamente as mochilas e a mala citadas. Na mochila de Leonardo foram encontrados dois pacotes de maconha, na bolsa de Pedro tamb\u00e9m foram encontrados dois pacotes de maconha, e na mala de Bianca foram descobertos 25 pacotes de maconha, totalizando 7,980 kg da droga.<\/p>\n\n\n\n<p>As passagens e os tickets de bagagem dos suspeitos, cuja numera\u00e7\u00e3o correspondia aos itens apreendidos, confirmaram a posse dos objetos contendo as drogas. Diante das evid\u00eancias, foi dada voz de pris\u00e3o a Leonardo, Pedro e Bianca pelo crime de tr\u00e1fico de drogas e associa\u00e7\u00e3o para o tr\u00e1fico, conforme os artigos 33 e 35 da Lei de Drogas n\u00ba 11.343\/06.<\/p>\n\n\n\n<p>A ocorr\u00eancia foi apresentada na Delegacia de Investiga\u00e7\u00f5es sobre Entorpecentes (DISE) de Ourinhos, onde os presos permaneceram \u00e0 disposi\u00e7\u00e3o da Justi\u00e7a.<\/p>\n\n\n\n<figure class=\"wp-block-gallery has-nested-images columns-default is-cropped wp-block-gallery-1 is-layout-flex wp-block-gallery-is-layout-flex\">\n<figure class=\"wp-block-image size-large\"><img decoding=\"async\" width=\"768\" height=\"1024\" data-id=\"3024\" src=\"https:\/\/noticiasregionais.com.br\/wp-content\/uploads\/2024\/05\/WhatsApp-Image-2024-05-22-at-13.29.051-768x1024.jpeg\" alt=\"\" class=\"wp-image-3024\" srcset=\"https:\/\/noticiasregionais.com.br\/wp-content\/uploads\/2024\/05\/WhatsApp-Image-2024-05-22-at-13.29.051-768x1024.jpeg 768w, https:\/\/noticiasregionais.com.br\/wp-content\/uploads\/2024\/05\/WhatsApp-Image-2024-05-22-at-13.29.051-225x300.jpeg 225w, https:\/\/noticiasregionais.com.br\/wp-content\/uploads\/2024\/05\/WhatsApp-Image-2024-05-22-at-13.29.051-1152x1536.jpeg 1152w, https:\/\/noticiasregionais.com.br\/wp-content\/uploads\/2024\/05\/WhatsApp-Image-2024-05-22-at-13.29.051.jpeg 1200w\" sizes=\"(max-width: 768px) 100vw, 768px\" \/><\/figure>\n\n\n\n<figure class=\"wp-block-image size-large\"><img decoding=\"async\" width=\"768\" height=\"1024\" data-id=\"3026\" src=\"https:\/\/noticiasregionais.com.br\/wp-content\/uploads\/2024\/05\/WhatsApp-Image-2024-05-22-at-13.29.06-768x1024.jpeg\" alt=\"\" class=\"wp-image-3026\" srcset=\"https:\/\/noticiasregionais.com.br\/wp-content\/uploads\/2024\/05\/WhatsApp-Image-2024-05-22-at-13.29.06-768x1024.jpeg 768w, https:\/\/noticiasregionais.com.br\/wp-content\/uploads\/2024\/05\/WhatsApp-Image-2024-05-22-at-13.29.06-225x300.jpeg 225w, https:\/\/noticiasregionais.com.br\/wp-content\/uploads\/2024\/05\/WhatsApp-Image-2024-05-22-at-13.29.06-1152x1536.jpeg 1152w, https:\/\/noticiasregionais.com.br\/wp-content\/uploads\/2024\/05\/WhatsApp-Image-2024-05-22-at-13.29.06.jpeg 1200w\" sizes=\"(max-width: 768px) 100vw, 768px\" \/><\/figure>\n\n\n\n<figure class=\"wp-block-image size-large\"><img decoding=\"async\" width=\"682\" height=\"620\" data-id=\"3025\" src=\"https:\/\/noticiasregionais.com.br\/wp-content\/uploads\/2024\/05\/WhatsApp-Image-2024-05-22-at-13.20.09.jpeg\" alt=\"\" class=\"wp-image-3025\" srcset=\"https:\/\/noticiasregionais.com.br\/wp-content\/uploads\/2024\/05\/WhatsApp-Image-2024-05-22-at-13.20.09.jpeg 682w, https:\/\/noticiasregionais.com.br\/wp-content\/uploads\/2024\/05\/WhatsApp-Image-2024-05-22-at-13.20.09-300x273.jpeg 300w\" sizes=\"(max-width: 682px) 100vw, 682px\" \/><\/figure>\n<\/figure>\n<input type=\"hidden\" id=\"baseurl\" value=\"https:\/\/noticiasregionais.com.br\"><input type=\"hidden\" id=\"audio_nonce\" value=\"533fbb67b1\">","protected":false},"excerpt":{"rendered":"<p>Os suspeitos haviam viajado para Ponta Por\u00e3\/PR e trocado um ve\u00edculo VW\/Gol por drogas e planejavam retornar para Ourinhos em&hellip;<\/p>\n","protected":false},"author":1,"featured_media":3027,"comment_status":"closed","ping_status":"open","sticky":false,"template":"","format":"standard","meta":{"sfsi_plus_gutenberg_text_before_share":"","sfsi_plus_gutenberg_show_text_before_share":"","sfsi_plus_gutenberg_icon_type":"","sfsi_plus_gutenberg_icon_alignemt":"","sfsi_plus_gutenburg_max_per_row":"","footnotes":""},"categories":[5,12,1],"tags":[],"class_list":["post-3023","post","type-post","status-publish","format-standard","has-post-thumbnail","hentry","category-ourinhos","category-capa","category-noticias"],"_links":{"self":[{"href":"https:\/\/noticiasregionais.com.br\/index.php?rest_route=\/wp\/v2\/posts\/3023","targetHints":{"allow":["GET"]}}],"collection":[{"href":"https:\/\/noticiasregionais.com.br\/index.php?rest_route=\/wp\/v2\/posts"}],"about":[{"href":"https:\/\/noticiasregionais.com.br\/index.php?rest_route=\/wp\/v2\/types\/post"}],"author":[{"embeddable":true,"href":"https:\/\/noticiasregionais.com.br\/index.php?rest_route=\/wp\/v2\/users\/1"}],"replies":[{"embeddable":true,"href":"https:\/\/noticiasregionais.com.br\/index.php?rest_route=%2Fwp%2Fv2%2Fcomments&post=3023"}],"version-history":[{"count":1,"href":"https:\/\/noticiasregionais.com.br\/index.php?rest_route=\/wp\/v2\/posts\/3023\/revisions"}],"predecessor-version":[{"id":3028,"href":"https:\/\/noticiasregionais.com.br\/index.php?rest_route=\/wp\/v2\/posts\/3023\/revisions\/3028"}],"wp:featuredmedia":[{"embeddable":true,"href":"https:\/\/noticiasregionais.com.br\/index.php?rest_route=\/wp\/v2\/media\/3027"}],"wp:attachment":[{"href":"https:\/\/noticiasregionais.com.br\/index.php?rest_route=%2Fwp%2Fv2%2Fmedia&parent=3023"}],"wp:term":[{"taxonomy":"category","embeddable":true,"href":"https:\/\/noticiasregionais.com.br\/index.php?rest_route=%2Fwp%2Fv2%2Fcategories&post=3023"},{"taxonomy":"post_tag","embeddable":true,"href":"https:\/\/noticiasregionais.com.br\/index.php?rest_route=%2Fwp%2Fv2%2Ftags&post=3023"}],"curies":[{"name":"wp","href":"https:\/\/api.w.org\/{rel}","templated":true}]}}