{"id":3029,"date":"2024-05-23T07:11:57","date_gmt":"2024-05-23T10:11:57","guid":{"rendered":"https:\/\/noticiasregionais.com.br\/?p=3029"},"modified":"2024-05-23T07:11:59","modified_gmt":"2024-05-23T10:11:59","slug":"cursos-de-idiomas-alunos-da-rede-estadual-de-sp-podem-se-matricular-para-o-2o-semestre","status":"publish","type":"post","link":"https:\/\/noticiasregionais.com.br\/?p=3029","title":{"rendered":"Cursos de idiomas: alunos da rede estadual de SP podem se matricular para o 2\u00ba semestre"},"content":{"rendered":"\n<p class=\"has-text-align-center\"><strong>As aulas est\u00e3o dispon\u00edveis de forma gratuita em 151 escolas; estudantes podem aprender ingl\u00eas, espanhol e at\u00e9 mandarim<\/strong><\/p>\n\n\n\n<p>Os Centros de Estudos de L\u00ednguas da Secretaria da Educa\u00e7\u00e3o do Estado de S\u00e3o Paulo (Seduc-SP), est\u00e3o com<a href=\"https:\/\/www.educacao.sp.gov.br\/centro-estudo-linguas\" target=\"_blank\" rel=\"noreferrer noopener\">&nbsp;inscri\u00e7\u00f5es abertas<\/a>&nbsp;para os cursos de idiomas do 2\u00ba semestre deste ano. S\u00e3o 151 centros que oferecem aulas gratuitas de ingl\u00eas, espanhol, alem\u00e3o, franc\u00eas, italiano, japon\u00eas, mandarim, al\u00e9m de aulas de portugu\u00eas para estrangeiros e Libras.<\/p>\n\n\n\n<p>O curso de ingl\u00eas e de mandarim s\u00e3o ofertados exclusivamente para alunos do Ensino M\u00e9dio e t\u00eam tr\u00eas anos de dura\u00e7\u00e3o. J\u00e1 os outros cursos t\u00eam m\u00f3dulos semestrais e podem ser frequentados por estudantes a partir do 7\u00ba ano do Ensino Fundamental e estudantes da Educa\u00e7\u00e3o de Jovens e Adultos (EJA) e Centros Estaduais de Educa\u00e7\u00e3o de Jovens e Adultos (CEEJAs).<\/p>\n\n\n\n<p>As aulas de Libras s\u00e3o abertas tamb\u00e9m a estudantes a partir do 7\u00ba ano do Ensino Fundamental, mas t\u00eam tr\u00eas semestres de dura\u00e7\u00e3o. As aulas de portugu\u00eas como l\u00edngua estrangeira para estrangeiros est\u00e3o dispon\u00edveis para estudantes a partir do 6\u00ba ano do Ensino Fundamental e s\u00e3o ministradas por um ano e meio.<\/p>\n\n\n\n<p>\u201cNesses centros, os estudantes t\u00eam a chance de explorar aprendizados que abrangem diversas culturas e sociedades, ampliando assim seus conhecimentos nas l\u00ednguas estudadas e contribuindo para a sua forma\u00e7\u00e3o. Ao estudar ingl\u00eas, espanhol, franc\u00eas e muitos outros idiomas nos CELs, os estudantes da rede p\u00fablica t\u00eam a oportunidade de abrir portas para um futuro ainda mais promissor., ressalta a assessora de projetos da equipe de desenvolvimento curricular da Secretaria da Educa\u00e7\u00e3o, Let\u00edcia Longo Buena.<\/p>\n\n\n\n<p>As aulas dos cursos de idiomas s\u00e3o presenciais. Para se matricular, os estudantes devem procurar um dos centros portando documento de identidade com foto e comprovante de endere\u00e7o. Cada unidade tem autonomia para formar suas turmas, divulgar o resultado das inscri\u00e7\u00f5es e organizar os dias e hor\u00e1rios de aulas.<\/p>\n\n\n\n<p>Os alunos que finalizam todos os m\u00f3dulos dos cursos de idiomas recebem certificado de conclus\u00e3o. O desempenho acad\u00eamico e a carga hor\u00e1ria dos cursos ficam registrados no hist\u00f3rico escolar.<\/p>\n\n\n\n<p>No portal da<a href=\"https:\/\/www.educacao.sp.gov.br\/centro-estudo-linguas\" target=\"_blank\" rel=\"noreferrer noopener\">&nbsp;Secretaria da Educa\u00e7\u00e3o<\/a>&nbsp;\u00e9 poss\u00edvel conferir a lista dos centros que oferecem as aulas e os idiomas ofertados.<\/p>\n<input type=\"hidden\" id=\"baseurl\" value=\"https:\/\/noticiasregionais.com.br\"><input type=\"hidden\" id=\"audio_nonce\" value=\"533fbb67b1\">","protected":false},"excerpt":{"rendered":"<p>As aulas est\u00e3o dispon\u00edveis de forma gratuita em 151 escolas; estudantes podem aprender ingl\u00eas, espanhol e at\u00e9 mandarim Os Centros&hellip;<\/p>\n","protected":false},"author":1,"featured_media":3030,"comment_status":"closed","ping_status":"open","sticky":false,"template":"","format":"standard","meta":{"sfsi_plus_gutenberg_text_before_share":"","sfsi_plus_gutenberg_show_text_before_share":"","sfsi_plus_gutenberg_icon_type":"","sfsi_plus_gutenberg_icon_alignemt":"","sfsi_plus_gutenburg_max_per_row":"","footnotes":""},"categories":[6,10,1],"tags":[],"class_list":["post-3029","post","type-post","status-publish","format-standard","has-post-thumbnail","hentry","category-sao_paulo","category-destaques","category-noticias"],"_links":{"self":[{"href":"https:\/\/noticiasregionais.com.br\/index.php?rest_route=\/wp\/v2\/posts\/3029","targetHints":{"allow":["GET"]}}],"collection":[{"href":"https:\/\/noticiasregionais.com.br\/index.php?rest_route=\/wp\/v2\/posts"}],"about":[{"href":"https:\/\/noticiasregionais.com.br\/index.php?rest_route=\/wp\/v2\/types\/post"}],"author":[{"embeddable":true,"href":"https:\/\/noticiasregionais.com.br\/index.php?rest_route=\/wp\/v2\/users\/1"}],"replies":[{"embeddable":true,"href":"https:\/\/noticiasregionais.com.br\/index.php?rest_route=%2Fwp%2Fv2%2Fcomments&post=3029"}],"version-history":[{"count":1,"href":"https:\/\/noticiasregionais.com.br\/index.php?rest_route=\/wp\/v2\/posts\/3029\/revisions"}],"predecessor-version":[{"id":3031,"href":"https:\/\/noticiasregionais.com.br\/index.php?rest_route=\/wp\/v2\/posts\/3029\/revisions\/3031"}],"wp:featuredmedia":[{"embeddable":true,"href":"https:\/\/noticiasregionais.com.br\/index.php?rest_route=\/wp\/v2\/media\/3030"}],"wp:attachment":[{"href":"https:\/\/noticiasregionais.com.br\/index.php?rest_route=%2Fwp%2Fv2%2Fmedia&parent=3029"}],"wp:term":[{"taxonomy":"category","embeddable":true,"href":"https:\/\/noticiasregionais.com.br\/index.php?rest_route=%2Fwp%2Fv2%2Fcategories&post=3029"},{"taxonomy":"post_tag","embeddable":true,"href":"https:\/\/noticiasregionais.com.br\/index.php?rest_route=%2Fwp%2Fv2%2Ftags&post=3029"}],"curies":[{"name":"wp","href":"https:\/\/api.w.org\/{rel}","templated":true}]}}