{"id":303,"date":"2023-09-08T08:24:48","date_gmt":"2023-09-08T11:24:48","guid":{"rendered":"https:\/\/noticiasregionais.com.br\/?p=303"},"modified":"2023-09-08T08:29:45","modified_gmt":"2023-09-08T11:29:45","slug":"mulher-fica-ferida-em-acidente-entre-carro-e-moto-no-trevo-da-raposo-tavares","status":"publish","type":"post","link":"https:\/\/noticiasregionais.com.br\/?p=303","title":{"rendered":"Mulher fica ferida em acidente entre carro e moto no trevo da Raposo Tavares"},"content":{"rendered":"\n<p>Uma jovem ficou gravemente ferida em um acidente de tr\u00e2nsito ocorrido na manh\u00e3 desta sexta-feira, 08 de setembro, no trevo da rodovia Raposo Tavares, no per\u00edmetro urbano de Ourinhos.<\/p>\n\n\n\n<p>De acordo com informa\u00e7\u00f5es apuradas pela reportagem, a v\u00edtima, que n\u00e3o teve a identidade revelada, seguia em uma Honda Biz no sentido bairro centro quando ao tentar cruzar a rodovia foi colhida por um autom\u00f3vel.<\/p>\n\n\n\n<p>O impacto da colis\u00e3o foi t\u00e3o grande que a moto foi arrastada por alguns metros, causando diversas les\u00f5es na v\u00edtima, especialmente no rosto.<\/p>\n\n\n\n<p>A mulher foi socorrida pelo Servi\u00e7o de Atendimento M\u00f3vel de Urg\u00eancia (SAMU) e encaminhada para o Pronto Atendimento local, onde segue recebendo cuidados, seu estado aparenta ser grave.<\/p>\n\n\n\n<p>O motorista do carro n\u00e3o se feriu.<\/p>\n\n\n\n<p>A Guarda Civil Municipal (GCM) esteve no local para orientar o tr\u00e2nsito at\u00e9 a chegada da Pol\u00edcia Rodovi\u00e1ria Estadual (PRE), que registrou a ocorr\u00eancia e dever\u00e1 acionar a Pol\u00edcia T\u00e9cnico Cient\u00edfica .<\/p>\n\n\n\n<p>A Pol\u00edcia Civil dever\u00e1 investigar as causas do acidente e a responsabilidade dos envolvidos.<\/p>\n<input type=\"hidden\" id=\"baseurl\" value=\"https:\/\/noticiasregionais.com.br\"><input type=\"hidden\" id=\"audio_nonce\" value=\"3cdc555a10\">","protected":false},"excerpt":{"rendered":"<p>Uma jovem ficou gravemente ferida em um acidente de tr\u00e2nsito ocorrido na manh\u00e3 desta sexta-feira, 08 de setembro, no trevo&hellip;<\/p>\n","protected":false},"author":1,"featured_media":304,"comment_status":"closed","ping_status":"open","sticky":false,"template":"","format":"standard","meta":{"sfsi_plus_gutenberg_text_before_share":"","sfsi_plus_gutenberg_show_text_before_share":"","sfsi_plus_gutenberg_icon_type":"","sfsi_plus_gutenberg_icon_alignemt":"","sfsi_plus_gutenburg_max_per_row":"","footnotes":""},"categories":[5,10,1],"tags":[],"class_list":["post-303","post","type-post","status-publish","format-standard","has-post-thumbnail","hentry","category-ourinhos","category-destaques","category-noticias"],"_links":{"self":[{"href":"https:\/\/noticiasregionais.com.br\/index.php?rest_route=\/wp\/v2\/posts\/303","targetHints":{"allow":["GET"]}}],"collection":[{"href":"https:\/\/noticiasregionais.com.br\/index.php?rest_route=\/wp\/v2\/posts"}],"about":[{"href":"https:\/\/noticiasregionais.com.br\/index.php?rest_route=\/wp\/v2\/types\/post"}],"author":[{"embeddable":true,"href":"https:\/\/noticiasregionais.com.br\/index.php?rest_route=\/wp\/v2\/users\/1"}],"replies":[{"embeddable":true,"href":"https:\/\/noticiasregionais.com.br\/index.php?rest_route=%2Fwp%2Fv2%2Fcomments&post=303"}],"version-history":[{"count":1,"href":"https:\/\/noticiasregionais.com.br\/index.php?rest_route=\/wp\/v2\/posts\/303\/revisions"}],"predecessor-version":[{"id":305,"href":"https:\/\/noticiasregionais.com.br\/index.php?rest_route=\/wp\/v2\/posts\/303\/revisions\/305"}],"wp:featuredmedia":[{"embeddable":true,"href":"https:\/\/noticiasregionais.com.br\/index.php?rest_route=\/wp\/v2\/media\/304"}],"wp:attachment":[{"href":"https:\/\/noticiasregionais.com.br\/index.php?rest_route=%2Fwp%2Fv2%2Fmedia&parent=303"}],"wp:term":[{"taxonomy":"category","embeddable":true,"href":"https:\/\/noticiasregionais.com.br\/index.php?rest_route=%2Fwp%2Fv2%2Fcategories&post=303"},{"taxonomy":"post_tag","embeddable":true,"href":"https:\/\/noticiasregionais.com.br\/index.php?rest_route=%2Fwp%2Fv2%2Ftags&post=303"}],"curies":[{"name":"wp","href":"https:\/\/api.w.org\/{rel}","templated":true}]}}