{"id":3032,"date":"2024-05-23T07:20:11","date_gmt":"2024-05-23T10:20:11","guid":{"rendered":"https:\/\/noticiasregionais.com.br\/?p=3032"},"modified":"2024-05-23T07:20:22","modified_gmt":"2024-05-23T10:20:22","slug":"prova-do-vestibular-univesp-2024-sera-realizada-neste-domingo-26","status":"publish","type":"post","link":"https:\/\/noticiasregionais.com.br\/?p=3032","title":{"rendered":"Prova do Vestibular Univesp 2024 ser\u00e1 realizada neste domingo (26)"},"content":{"rendered":"\n<p class=\"has-text-align-center\"><strong>S\u00e3o mais de 23 mil vagas em 425 polos de todo o estado; maior processo seletivo em alcance territorial de SP acontece \u00e0s 13h<\/strong><\/p>\n\n\n\n<p>A Universidade Virtual do Estado de S\u00e3o Paulo (Univesp), vinculada \u00e0 Secretaria de Ci\u00eancia, Tecnologia e Inova\u00e7\u00e3o (SCTI), aplicar\u00e1 a prova do Vestibular 2024 neste domingo (26), \u00e0s 13h. Os locais oficiais podem ser conferidos no site&nbsp;<a href=\"https:\/\/nam10.safelinks.protection.outlook.com\/?url=https%3A%2F%2Funivesp.fatvestibulares.com.br%2Fhome%2F&amp;data=05%7C02%7Cflavia.louzane%40univesp.br%7Cd017a496241542de468a08dc75bc04da%7C99106079501441d9a528f4a73e8b2d1e%7C0%7C0%7C638514697602275539%7CUnknown%7CTWFpbGZsb3d8eyJWIjoiMC4wLjAwMDAiLCJQIjoiV2luMzIiLCJBTiI6Ik1haWwiLCJXVCI6Mn0%3D%7C0%7C%7C%7C&amp;sdata=q1y%2BteYLWuLb44JL%2B5FRom28sl%2Bez31fbq0FLQxLA8Q%3D&amp;reserved=0\" target=\"_blank\" rel=\"noreferrer noopener\">vestibular.univesp.br<\/a>. Com dura\u00e7\u00e3o de 5 horas, o exame contar\u00e1 com reda\u00e7\u00e3o e 56 quest\u00f5es de m\u00faltipla escolha.<\/p>\n\n\n\n<p>O processo seletivo recebeu 80 mil inscri\u00e7\u00f5es. S\u00e3o 23.322 vagas, destinadas a 425 polos, de 371 munic\u00edpios (capital, interior e litoral), o maior processo seletivo em alcance territorial do estado. No total, nove cursos s\u00e3o oferecidos, entre eles: Letras, Matem\u00e1tica e Pedagogia (Eixo de Licenciatura), Ci\u00eancia de Dados, Engenharia de Computa\u00e7\u00e3o e Tecnologia da Informa\u00e7\u00e3o (Eixo de Computa\u00e7\u00e3o), e Administra\u00e7\u00e3o, Engenharia de Produ\u00e7\u00e3o e Tecnologia em Processos Gerenciais (Eixo de Neg\u00f3cios e Produ\u00e7\u00e3o).<\/p>\n\n\n\n<p>O gabarito oficial ser\u00e1 divulgado no dia 27 de maio, a partir das 15h, no site do vestibular. A publica\u00e7\u00e3o do resultado e a primeira chamada ocorrer\u00e1 em 25 de junho, a partir das 15h. O in\u00edcio das aulas est\u00e1 previsto para 29 de julho de 2024. Neste ano, a Univesp ofertou ainda 2.610 vagas para o Prov\u00e3o Paulista. Os aprovados tamb\u00e9m ingressam em julho.<\/p>\n\n\n\n<p><strong>Cursos<\/strong><\/p>\n\n\n\n<p>No Eixo de Computa\u00e7\u00e3o, os cursos s\u00e3o de Bacharelado em Tecnologia da Informa\u00e7\u00e3o \u2013 BTI (dura\u00e7\u00e3o de tr\u00eas anos), Bacharelado em Ci\u00eancia de Dados (quatro anos) ou Bacharelado em Engenharia de Computa\u00e7\u00e3o (cinco anos). At\u00e9 um ano e meio o ciclo \u00e9 b\u00e1sico, com a possibilidade de migra\u00e7\u00e3o entre um dos tr\u00eas cursos.<\/p>\n\n\n\n<p>J\u00e1 os ingressantes nas Licenciaturas, cursar\u00e3o um ano de ciclo b\u00e1sico, com op\u00e7\u00e3o de mudan\u00e7a na habilita\u00e7\u00e3o a partir do segundo ano em Letras, Matem\u00e1tica ou Pedagogia (todos com quatro anos de dura\u00e7\u00e3o). Os que optarem pelo Eixo de Neg\u00f3cios e Produ\u00e7\u00e3o ir\u00e3o cursar um ano b\u00e1sico e, no segundo, far\u00e3o a op\u00e7\u00e3o definitiva entre Tecnologia em Processos Gerenciais (tr\u00eas anos), Bacharelado em Administra\u00e7\u00e3o (quatro anos) ou Bacharelado em Engenharia de Produ\u00e7\u00e3o (cinco anos).<\/p>\n\n\n\n<p>Os cursos, totalmente gratuitos, s\u00e3o realizados em Ambiente Virtual de Aprendizagem (AVA), plataforma on-line na qual os estudantes desenvolvem atividades acad\u00eamicas, que incluem assistir a videoaulas, acessar material did\u00e1tico, bibliotecas digitais e tirar d\u00favidas do conte\u00fado com facilitadores. J\u00e1 os polos, s\u00e3o espa\u00e7os f\u00edsicos onde os alunos contam com infraestrutura (computadores, impressoras e acesso \u00e0 internet) e realizam atividades, como provas e discuss\u00f5es em grupo. No local, tamb\u00e9m podem ser solicitados servi\u00e7os de secretaria acad\u00eamica e esclarecimento de d\u00favidas. Todas as videoaulas tamb\u00e9m podem ser acessadas pelo canal doYouTube:&nbsp;<a href=\"https:\/\/nam10.safelinks.protection.outlook.com\/?url=https%3A%2F%2Fwww.youtube.com%2Fuser%2Funivesptv&amp;data=05%7C02%7Cflavia.louzane%40univesp.br%7Cd017a496241542de468a08dc75bc04da%7C99106079501441d9a528f4a73e8b2d1e%7C0%7C0%7C638514697602285996%7CUnknown%7CTWFpbGZsb3d8eyJWIjoiMC4wLjAwMDAiLCJQIjoiV2luMzIiLCJBTiI6Ik1haWwiLCJXVCI6Mn0%3D%7C0%7C%7C%7C&amp;sdata=PRWV5nIN7YvxcKawnaLGdOtBdb1%2BA18pUPqQMNBWJkg%3D&amp;reserved=0\" target=\"_blank\" rel=\"noreferrer noopener\">https:\/\/www.youtube.com\/user\/univesptv<\/a>&nbsp;.<\/p>\n\n\n\n<p><strong>Saiba mais sobre os cursos:<\/strong>&nbsp;<a href=\"https:\/\/nam10.safelinks.protection.outlook.com\/?url=http%3A%2F%2Funivesp.br%2Fcursos&amp;data=05%7C02%7Cflavia.louzane%40univesp.br%7Cd017a496241542de468a08dc75bc04da%7C99106079501441d9a528f4a73e8b2d1e%7C0%7C0%7C638514697602290325%7CUnknown%7CTWFpbGZsb3d8eyJWIjoiMC4wLjAwMDAiLCJQIjoiV2luMzIiLCJBTiI6Ik1haWwiLCJXVCI6Mn0%3D%7C0%7C%7C%7C&amp;sdata=zw3%2BMhwnkFWngL2KdbzBegtbbloApsOZxEPQEd1TN4Y%3D&amp;reserved=0\" target=\"_blank\" rel=\"noreferrer noopener\">univesp.br\/cursos<\/a><\/p>\n\n\n\n<p><strong>Confira tabela de vagas por polo,<\/strong>&nbsp;no link:<\/p>\n\n\n\n<p><a href=\"https:\/\/univesp.br\/sites\/58f6506869226e9479d38201\/assets\/65ba97f67c1bd13ed8f8a1ba\/Vest_2024_-_Polos_e_Vagas__Regionalizac_a_o__final.pdf\" target=\"_blank\" rel=\"noopener\">https:\/\/univesp.br\/sites\/58f6506869226e9479d38201\/assets\/65ba97f67c1bd13ed8f8a1ba\/Vest_2024_-_Polos_e_Vagas__Regionalizac_a_o__final.pdf<\/a><\/p>\n\n\n\n<p><strong><u>Cronograma do Vestibular 2024<\/u><\/strong>:<\/p>\n\n\n\n<figure class=\"wp-block-table\"><table><tbody><tr><td><strong>26\/05&nbsp;<\/strong><strong>(in\u00edcio \u00e0s 13h)<\/strong><\/td><td><strong>Aplica\u00e7\u00e3o da prova objetiva e reda\u00e7\u00e3o<\/strong><\/td><\/tr><tr><td><strong>27\/05, a partir das 15h<\/strong><\/td><td><strong>Divulga\u00e7\u00e3o do Gabarito Oficial da prova<\/strong><\/td><\/tr><tr><td><strong>27\/05, a partir das 15h, at\u00e9 29\/05<\/strong><\/td><td><strong>Recurso referente ao Gabarito Oficial<\/strong><\/td><\/tr><tr><td><strong>06\/06, a partir das 15h<\/strong><\/td><td><strong>Divulga\u00e7\u00e3o da an\u00e1lise dos recursos contra o Gabarito Oficial<\/strong><\/td><\/tr><tr><td><strong>25\/06, a partir das 15h<\/strong><\/td><td><strong>Publica\u00e7\u00e3o oficial do resultado e da 1\u00aa chamada no site: vestibular.univesp.br<\/strong><\/td><\/tr><tr><td><strong>27\/06 a 01\/07<\/strong><\/td><td><strong>Data para os candidatos convocados na 1\u00aa chamada efetivarem a matr\u00edcula.<\/strong><\/td><\/tr><tr><td><strong>10\/07, a partir das 15h<\/strong><\/td><td><strong>Publica\u00e7\u00e3o da 2\u00aa chamada no site: vestibular.univesp.br<\/strong><\/td><\/tr><tr><td><strong>11\/07 a 16\/07<\/strong><\/td><td><strong>Data para os candidatos convocados na 2\u00aa chamada efetivarem a matr\u00edcula.<\/strong><\/td><\/tr><tr><td><strong>17\/07, a partir das 15h<\/strong><\/td><td><strong>Publica\u00e7\u00e3o da 3\u00aa chamada no site: vestibular.univesp.br<\/strong><\/td><\/tr><tr><td><strong>18\/07 e 19\/07<\/strong><\/td><td><strong>Data para os candidatos convocados na 3\u00aa chamada efetivarem a matr\u00edcula.<\/strong><\/td><\/tr><tr><td><strong>29\/07<\/strong><\/td><td><strong>In\u00edcio do per\u00edodo letivo<\/strong><\/td><\/tr><\/tbody><\/table><\/figure>\n<input type=\"hidden\" id=\"baseurl\" value=\"https:\/\/noticiasregionais.com.br\"><input type=\"hidden\" id=\"audio_nonce\" value=\"533fbb67b1\">","protected":false},"excerpt":{"rendered":"<p>S\u00e3o mais de 23 mil vagas em 425 polos de todo o estado; maior processo seletivo em alcance territorial de&hellip;<\/p>\n","protected":false},"author":1,"featured_media":3033,"comment_status":"closed","ping_status":"open","sticky":false,"template":"","format":"standard","meta":{"sfsi_plus_gutenberg_text_before_share":"","sfsi_plus_gutenberg_show_text_before_share":"","sfsi_plus_gutenberg_icon_type":"","sfsi_plus_gutenberg_icon_alignemt":"","sfsi_plus_gutenburg_max_per_row":"","footnotes":""},"categories":[6,10,1],"tags":[],"class_list":["post-3032","post","type-post","status-publish","format-standard","has-post-thumbnail","hentry","category-sao_paulo","category-destaques","category-noticias"],"_links":{"self":[{"href":"https:\/\/noticiasregionais.com.br\/index.php?rest_route=\/wp\/v2\/posts\/3032","targetHints":{"allow":["GET"]}}],"collection":[{"href":"https:\/\/noticiasregionais.com.br\/index.php?rest_route=\/wp\/v2\/posts"}],"about":[{"href":"https:\/\/noticiasregionais.com.br\/index.php?rest_route=\/wp\/v2\/types\/post"}],"author":[{"embeddable":true,"href":"https:\/\/noticiasregionais.com.br\/index.php?rest_route=\/wp\/v2\/users\/1"}],"replies":[{"embeddable":true,"href":"https:\/\/noticiasregionais.com.br\/index.php?rest_route=%2Fwp%2Fv2%2Fcomments&post=3032"}],"version-history":[{"count":1,"href":"https:\/\/noticiasregionais.com.br\/index.php?rest_route=\/wp\/v2\/posts\/3032\/revisions"}],"predecessor-version":[{"id":3034,"href":"https:\/\/noticiasregionais.com.br\/index.php?rest_route=\/wp\/v2\/posts\/3032\/revisions\/3034"}],"wp:featuredmedia":[{"embeddable":true,"href":"https:\/\/noticiasregionais.com.br\/index.php?rest_route=\/wp\/v2\/media\/3033"}],"wp:attachment":[{"href":"https:\/\/noticiasregionais.com.br\/index.php?rest_route=%2Fwp%2Fv2%2Fmedia&parent=3032"}],"wp:term":[{"taxonomy":"category","embeddable":true,"href":"https:\/\/noticiasregionais.com.br\/index.php?rest_route=%2Fwp%2Fv2%2Fcategories&post=3032"},{"taxonomy":"post_tag","embeddable":true,"href":"https:\/\/noticiasregionais.com.br\/index.php?rest_route=%2Fwp%2Fv2%2Ftags&post=3032"}],"curies":[{"name":"wp","href":"https:\/\/api.w.org\/{rel}","templated":true}]}}