{"id":3041,"date":"2024-05-24T09:30:52","date_gmt":"2024-05-24T12:30:52","guid":{"rendered":"https:\/\/noticiasregionais.com.br\/?p=3041"},"modified":"2024-05-24T09:30:53","modified_gmt":"2024-05-24T12:30:53","slug":"mulher-presa-suspeita-de-ataque-com-acido-em-jacarezinho","status":"publish","type":"post","link":"https:\/\/noticiasregionais.com.br\/?p=3041","title":{"rendered":"Mulher Presa Suspeita de Ataque com \u00c1cido em Jacarezinho"},"content":{"rendered":"\n<p>A Pol\u00edcia Militar de Jacarezinho prendeu na manh\u00e3 de hoje (24) uma mulher suspeita de ser a autora do ataque com \u00e1cido contra uma jovem na \u00faltima quarta-feira (22). A pris\u00e3o ocorreu ap\u00f3s a mulher ter sido encontrada em um hotel da cidade, pedindo socorro.<\/p>\n\n\n\n<p>De acordo com a PM, a mulher, que n\u00e3o teve sua identidade revelada, relatou aos policiais que estava sendo perseguida por quatro homens e que n\u00e3o sabia o motivo. Ela tamb\u00e9m afirmou que estava escondida em um matagal pr\u00f3ximo desde quarta-feira \u00e0 tarde.<\/p>\n\n\n\n<p>As afirma\u00e7\u00f5es da mulher levantaram suspeitas nos policiais, principalmente por conta do dia e hor\u00e1rio em que ela se escondeu, que coincidiam com o ataque \u00e0 jovem. Al\u00e9m disso, a mulher estava em um local pr\u00f3ximo de onde o crime aconteceu.<\/p>\n\n\n\n<p>Ao ser questionada se teria alguma rela\u00e7\u00e3o com o crime, a mulher confessou a autoria do ataque. Ela alegou que a motiva\u00e7\u00e3o seria ci\u00fames, j\u00e1 que a v\u00edtima teve um relacionamento com seu ex-companheiro. A mulher tamb\u00e9m disse aos policiais que a subst\u00e2ncia utilizada no ataque era uma mistura de soda c\u00e1ustica com \u00e1gua.<\/p>\n\n\n\n<p>A mulher trazia consigo uma cal\u00e7a que teria sido utilizada no momento do crime, e um celular. Indagada sobre uma peruca que, segundo informa\u00e7\u00f5es, ela tamb\u00e9m estaria usando no momento do ataque, a mulher informou que teria dispensado a pe\u00e7a em meio ao matagal. Os policiais realizaram buscas no local, mas n\u00e3o conseguiram encontrar a peruca.<\/p>\n\n\n\n<p>Diante dos fatos, a mulher foi detida e encaminhada para a Delegacia de Pol\u00edcia de Jacarezinho, onde ficar\u00e1 \u00e0 disposi\u00e7\u00e3o da Justi\u00e7a para os procedimentos cab\u00edveis.<\/p>\n\n\n\n<p><strong>Detalhes do Crime:<\/strong><\/p>\n\n\n\n<ul class=\"wp-block-list\">\n<li><strong>Data:<\/strong> 22 de maio de 2024<\/li>\n\n\n\n<li><strong>Hor\u00e1rio:<\/strong> N\u00e3o informado<\/li>\n\n\n\n<li><strong>Local:<\/strong> Jacarezinho, PR<\/li>\n\n\n\n<li><strong>V\u00edtima:<\/strong> Jovem (nome n\u00e3o revelado)<\/li>\n\n\n\n<li><strong>Suspeita:<\/strong> Mulher (nome n\u00e3o revelado)<\/li>\n\n\n\n<li><strong>Motiva\u00e7\u00e3o:<\/strong> Ci\u00fames<\/li>\n\n\n\n<li><strong>Subst\u00e2ncia utilizada:<\/strong> Mistura de soda c\u00e1ustica com \u00e1gua<\/li>\n<\/ul>\n\n\n\n<p><strong>Investiga\u00e7\u00e3o:<\/strong><\/p>\n\n\n\n<p>A Pol\u00edcia Civil de Jacarezinho est\u00e1 investigando o caso. A mulher presa ser\u00e1 interrogada e, caso seja confirmada sua participa\u00e7\u00e3o no crime, poder\u00e1 responder por tentativa de homic\u00eddio.<\/p>\n<input type=\"hidden\" id=\"baseurl\" value=\"https:\/\/noticiasregionais.com.br\"><input type=\"hidden\" id=\"audio_nonce\" value=\"533fbb67b1\">","protected":false},"excerpt":{"rendered":"<p>A Pol\u00edcia Militar de Jacarezinho prendeu na manh\u00e3 de hoje (24) uma mulher suspeita de ser a autora do ataque&hellip;<\/p>\n","protected":false},"author":1,"featured_media":3042,"comment_status":"closed","ping_status":"open","sticky":false,"template":"","format":"standard","meta":{"sfsi_plus_gutenberg_text_before_share":"","sfsi_plus_gutenberg_show_text_before_share":"","sfsi_plus_gutenberg_icon_type":"","sfsi_plus_gutenberg_icon_alignemt":"","sfsi_plus_gutenburg_max_per_row":"","footnotes":""},"categories":[7,12,1],"tags":[],"class_list":["post-3041","post","type-post","status-publish","format-standard","has-post-thumbnail","hentry","category-parana","category-capa","category-noticias"],"_links":{"self":[{"href":"https:\/\/noticiasregionais.com.br\/index.php?rest_route=\/wp\/v2\/posts\/3041","targetHints":{"allow":["GET"]}}],"collection":[{"href":"https:\/\/noticiasregionais.com.br\/index.php?rest_route=\/wp\/v2\/posts"}],"about":[{"href":"https:\/\/noticiasregionais.com.br\/index.php?rest_route=\/wp\/v2\/types\/post"}],"author":[{"embeddable":true,"href":"https:\/\/noticiasregionais.com.br\/index.php?rest_route=\/wp\/v2\/users\/1"}],"replies":[{"embeddable":true,"href":"https:\/\/noticiasregionais.com.br\/index.php?rest_route=%2Fwp%2Fv2%2Fcomments&post=3041"}],"version-history":[{"count":1,"href":"https:\/\/noticiasregionais.com.br\/index.php?rest_route=\/wp\/v2\/posts\/3041\/revisions"}],"predecessor-version":[{"id":3043,"href":"https:\/\/noticiasregionais.com.br\/index.php?rest_route=\/wp\/v2\/posts\/3041\/revisions\/3043"}],"wp:featuredmedia":[{"embeddable":true,"href":"https:\/\/noticiasregionais.com.br\/index.php?rest_route=\/wp\/v2\/media\/3042"}],"wp:attachment":[{"href":"https:\/\/noticiasregionais.com.br\/index.php?rest_route=%2Fwp%2Fv2%2Fmedia&parent=3041"}],"wp:term":[{"taxonomy":"category","embeddable":true,"href":"https:\/\/noticiasregionais.com.br\/index.php?rest_route=%2Fwp%2Fv2%2Fcategories&post=3041"},{"taxonomy":"post_tag","embeddable":true,"href":"https:\/\/noticiasregionais.com.br\/index.php?rest_route=%2Fwp%2Fv2%2Ftags&post=3041"}],"curies":[{"name":"wp","href":"https:\/\/api.w.org\/{rel}","templated":true}]}}