{"id":3044,"date":"2024-05-27T06:36:21","date_gmt":"2024-05-27T09:36:21","guid":{"rendered":"https:\/\/noticiasregionais.com.br\/?p=3044"},"modified":"2024-05-27T06:36:24","modified_gmt":"2024-05-27T09:36:24","slug":"primeiro-sorteio-da-campanha-da-ace-combinacao-perfeita-sera-realizado-hoje-27","status":"publish","type":"post","link":"https:\/\/noticiasregionais.com.br\/?p=3044","title":{"rendered":"Primeiro sorteio da campanha da ACE \u201cCombina\u00e7\u00e3o Perfeita\u201d ser\u00e1 realizado hoje (27)"},"content":{"rendered":"\n<p>Chegou o dia do primeiro sorteio da campanha promocional da ACE \u201cCombina\u00e7\u00e3o Perfeita \u2013 Com\u00e9rcio de Ourinhos &amp; Voc\u00ea\u201d. Hoje (27), \u00e0s 15 horas, no Audit\u00f3rio da ACE, o primeiro dos quatro sortudos ou sortudas ser\u00e3o conhecidos e ganhar\u00e3o R$ 1000,00 cada um para gastar com o que quiser nas lojas participantes.<\/p>\n\n\n\n<p>Esse primeiro sorteio corresponde ao per\u00edodo de vendas do Dia das M\u00e3es. A equipe ACE j\u00e1 est\u00e1 recolhendo os cupons. \u201cA campanha promocional da ACE \u00e9 uma grande oportunidade de divulga\u00e7\u00e3o, fortalecimento de marca, maior visibilidade e atra\u00e7\u00e3o de clientes. Sem contar o incremento no caixa, j\u00e1 que ser\u00e3o sorteados ao longo do ano R$70 mil em pr\u00eamios para serem gastos nas empresas participantes\u201d, conta o presidente da ACE, Robson Martuchi.<\/p>\n\n\n\n<p>A ades\u00e3o \u00e0 campanha foi um sucesso, com mais de 120 empresas participantes. \u201cTemos dezenas de lojas, prestadores de servi\u00e7os, v\u00e1rios segmentos. Como ainda estamos no come\u00e7o do ano, continuamos de portas abertas para todos os empreendedores que queiram participar. Ainda teremos v\u00e1rios sorteios ao longo dos meses\u201d, finaliza Martuchi.<\/p>\n<input type=\"hidden\" id=\"baseurl\" value=\"https:\/\/noticiasregionais.com.br\"><input type=\"hidden\" id=\"audio_nonce\" value=\"533fbb67b1\">","protected":false},"excerpt":{"rendered":"<p>Chegou o dia do primeiro sorteio da campanha promocional da ACE \u201cCombina\u00e7\u00e3o Perfeita \u2013 Com\u00e9rcio de Ourinhos &amp; Voc\u00ea\u201d. Hoje&hellip;<\/p>\n","protected":false},"author":1,"featured_media":2798,"comment_status":"closed","ping_status":"open","sticky":false,"template":"","format":"standard","meta":{"sfsi_plus_gutenberg_text_before_share":"","sfsi_plus_gutenberg_show_text_before_share":"","sfsi_plus_gutenberg_icon_type":"","sfsi_plus_gutenberg_icon_alignemt":"","sfsi_plus_gutenburg_max_per_row":"","footnotes":""},"categories":[5,10,1],"tags":[],"class_list":["post-3044","post","type-post","status-publish","format-standard","has-post-thumbnail","hentry","category-ourinhos","category-destaques","category-noticias"],"_links":{"self":[{"href":"https:\/\/noticiasregionais.com.br\/index.php?rest_route=\/wp\/v2\/posts\/3044","targetHints":{"allow":["GET"]}}],"collection":[{"href":"https:\/\/noticiasregionais.com.br\/index.php?rest_route=\/wp\/v2\/posts"}],"about":[{"href":"https:\/\/noticiasregionais.com.br\/index.php?rest_route=\/wp\/v2\/types\/post"}],"author":[{"embeddable":true,"href":"https:\/\/noticiasregionais.com.br\/index.php?rest_route=\/wp\/v2\/users\/1"}],"replies":[{"embeddable":true,"href":"https:\/\/noticiasregionais.com.br\/index.php?rest_route=%2Fwp%2Fv2%2Fcomments&post=3044"}],"version-history":[{"count":1,"href":"https:\/\/noticiasregionais.com.br\/index.php?rest_route=\/wp\/v2\/posts\/3044\/revisions"}],"predecessor-version":[{"id":3045,"href":"https:\/\/noticiasregionais.com.br\/index.php?rest_route=\/wp\/v2\/posts\/3044\/revisions\/3045"}],"wp:featuredmedia":[{"embeddable":true,"href":"https:\/\/noticiasregionais.com.br\/index.php?rest_route=\/wp\/v2\/media\/2798"}],"wp:attachment":[{"href":"https:\/\/noticiasregionais.com.br\/index.php?rest_route=%2Fwp%2Fv2%2Fmedia&parent=3044"}],"wp:term":[{"taxonomy":"category","embeddable":true,"href":"https:\/\/noticiasregionais.com.br\/index.php?rest_route=%2Fwp%2Fv2%2Fcategories&post=3044"},{"taxonomy":"post_tag","embeddable":true,"href":"https:\/\/noticiasregionais.com.br\/index.php?rest_route=%2Fwp%2Fv2%2Ftags&post=3044"}],"curies":[{"name":"wp","href":"https:\/\/api.w.org\/{rel}","templated":true}]}}