{"id":3049,"date":"2024-05-27T08:29:19","date_gmt":"2024-05-27T11:29:19","guid":{"rendered":"https:\/\/noticiasregionais.com.br\/?p=3049"},"modified":"2024-05-27T08:29:22","modified_gmt":"2024-05-27T11:29:22","slug":"terceirizacoes-em-ourinhos-motivam-novos-questionamentos-do-legislativo","status":"publish","type":"post","link":"https:\/\/noticiasregionais.com.br\/?p=3049","title":{"rendered":"Terceiriza\u00e7\u00f5es em Ourinhos motivam novos questionamentos do legislativo"},"content":{"rendered":"\n<p class=\"has-text-align-center\"><strong>Vereadora Roberta Stopa apresenta Requerimento solicitando informa\u00e7\u00f5es sobre a forma de contrata\u00e7\u00e3o pela ABEDESC dos trabalhadores da Sa\u00fade<\/strong><\/p>\n\n\n\n<p>Durante a 16\u00aa Sess\u00e3o Ordin\u00e1ria, a vereadora Roberta Stopa apresentou o Requerimento n\u00ba 541\/2024 solicitando informa\u00e7\u00f5es sobre a forma de contrata\u00e7\u00e3o pela ABEDESC dos trabalhadores na rede municipal de sa\u00fade.<\/p>\n\n\n\n<p>\u201cEst\u00e1 acontecendo uma terceiriza\u00e7\u00e3o da sa\u00fade, especificamente na contrata\u00e7\u00e3o de trabalhadores para atender a \u00e1rea fim da sa\u00fade. Foi falado h\u00e1 duas Sess\u00f5es aqui na C\u00e2mara que para contrata\u00e7\u00e3o pela ABEDESC existe um teste seletivo e n\u00e3o h\u00e1 nenhuma informa\u00e7\u00e3o sobre como \u00e9 esse processo, como s\u00e3o contratadas e dispensadas essas pessoas e por que n\u00e3o fazem concurso p\u00fablico\u201d, relatou a vereadora.<\/p>\n\n\n\n<p>Roberta disse que a terceiriza\u00e7\u00e3o \u00e9 uma ren\u00fancia do governo da sua responsabilidade social. \u201cTransfere, com pouqu\u00edssima transpar\u00eancia, somas enormes de dinheiro para uma empresa privada realizar uma fun\u00e7\u00e3o que \u00e9 da Prefeitura\u201d.<\/p>\n\n\n\n<p>Por fim, a parlamentar elencou os questionamentos feitos no Requerimento. \u201cO concurso p\u00fablico existe para que o servidor tenha continuidade em seu trabalho, evitando favorecimento politico e pessoalidade na contrata\u00e7\u00e3o. \u00c9 fundamental para o desenvolvimento de pol\u00edticas p\u00fablicas, por isso, no requerimento estamos perguntando: como \u00e9 feito esse teste seletivo da ABEDESC, como \u00e9 feita a divulga\u00e7\u00e3o, quantas vagas foram ofertadas para contrata\u00e7\u00e3o ABEDESC nos \u00faltimos meses e quantos trabalhadores foram dispensados at\u00e9 o momento\u201d<\/p>\n<input type=\"hidden\" id=\"baseurl\" value=\"https:\/\/noticiasregionais.com.br\"><input type=\"hidden\" id=\"audio_nonce\" value=\"533fbb67b1\">","protected":false},"excerpt":{"rendered":"<p>Vereadora Roberta Stopa apresenta Requerimento solicitando informa\u00e7\u00f5es sobre a forma de contrata\u00e7\u00e3o pela ABEDESC dos trabalhadores da Sa\u00fade Durante a&hellip;<\/p>\n","protected":false},"author":1,"featured_media":1330,"comment_status":"closed","ping_status":"open","sticky":false,"template":"","format":"standard","meta":{"sfsi_plus_gutenberg_text_before_share":"","sfsi_plus_gutenberg_show_text_before_share":"","sfsi_plus_gutenberg_icon_type":"","sfsi_plus_gutenberg_icon_alignemt":"","sfsi_plus_gutenburg_max_per_row":"","footnotes":""},"categories":[5,12,1],"tags":[],"class_list":["post-3049","post","type-post","status-publish","format-standard","has-post-thumbnail","hentry","category-ourinhos","category-capa","category-noticias"],"_links":{"self":[{"href":"https:\/\/noticiasregionais.com.br\/index.php?rest_route=\/wp\/v2\/posts\/3049","targetHints":{"allow":["GET"]}}],"collection":[{"href":"https:\/\/noticiasregionais.com.br\/index.php?rest_route=\/wp\/v2\/posts"}],"about":[{"href":"https:\/\/noticiasregionais.com.br\/index.php?rest_route=\/wp\/v2\/types\/post"}],"author":[{"embeddable":true,"href":"https:\/\/noticiasregionais.com.br\/index.php?rest_route=\/wp\/v2\/users\/1"}],"replies":[{"embeddable":true,"href":"https:\/\/noticiasregionais.com.br\/index.php?rest_route=%2Fwp%2Fv2%2Fcomments&post=3049"}],"version-history":[{"count":1,"href":"https:\/\/noticiasregionais.com.br\/index.php?rest_route=\/wp\/v2\/posts\/3049\/revisions"}],"predecessor-version":[{"id":3050,"href":"https:\/\/noticiasregionais.com.br\/index.php?rest_route=\/wp\/v2\/posts\/3049\/revisions\/3050"}],"wp:featuredmedia":[{"embeddable":true,"href":"https:\/\/noticiasregionais.com.br\/index.php?rest_route=\/wp\/v2\/media\/1330"}],"wp:attachment":[{"href":"https:\/\/noticiasregionais.com.br\/index.php?rest_route=%2Fwp%2Fv2%2Fmedia&parent=3049"}],"wp:term":[{"taxonomy":"category","embeddable":true,"href":"https:\/\/noticiasregionais.com.br\/index.php?rest_route=%2Fwp%2Fv2%2Fcategories&post=3049"},{"taxonomy":"post_tag","embeddable":true,"href":"https:\/\/noticiasregionais.com.br\/index.php?rest_route=%2Fwp%2Fv2%2Ftags&post=3049"}],"curies":[{"name":"wp","href":"https:\/\/api.w.org\/{rel}","templated":true}]}}