{"id":3051,"date":"2024-05-28T06:59:10","date_gmt":"2024-05-28T09:59:10","guid":{"rendered":"https:\/\/noticiasregionais.com.br\/?p=3051"},"modified":"2024-05-28T07:17:12","modified_gmt":"2024-05-28T10:17:12","slug":"adolescente-de-15-anos-suspeito-de-assassinar-familia-no-interior-de-sp-e-encontrado-morto","status":"publish","type":"post","link":"https:\/\/noticiasregionais.com.br\/?p=3051","title":{"rendered":"Adolescente de 15 anos suspeito de assassinar fam\u00edlia no interior de SP \u00e9 encontrado morto"},"content":{"rendered":"\n<p class=\"has-text-align-center\"><strong>Jovem era investigado como principal suspeito de triplo homic\u00eddio em Agudos (SP) e foi encontrado morto em um pr\u00e9dio abandonado em Bauru (SP), nesta segunda-feira (27).<\/strong><\/p>\n\n\n\n<p>As informa\u00e7\u00f5es s\u00e3o do G1 Bauru e Mar\u00edlia e relatam que um adolescente de 15 anos foi encontrado morto, na manh\u00e3 desta segunda-feira (27), em um pr\u00e9dio abandonado na Vila Regina, em Bauru (SP). Ele era investigado como principal suspeito de ter assassinado um casal de idosos e o genro deles, em Agudos, cidade vizinha, na manh\u00e3 de sexta-feira (24).<\/p>\n\n\n\n<p>De acordo com a Pol\u00edcia Civil, o adolescente era vizinho das v\u00edtimas e desapareceu na sexta-feira (24), logo ap\u00f3s a localiza\u00e7\u00e3o dos corpos de Joana de F\u00e1tima Sanches Carrasco, de 70 anos; Aparecido Roberto Carrasco, de 74 anos; e do genro deles, o aut\u00f4nomo Valdinei de Sousa, de 57 anos.<\/p>\n\n\n\n<p>No pr\u00e9dio abandonado em Bauru, o adolescente foi encontrado com ferimentos nas costas. A pol\u00edcia n\u00e3o sabe se foi acidente, suic\u00eddio ou homic\u00eddio, e ainda investigava a rela\u00e7\u00e3o dele com o assassinato triplo. A identidade dele ainda n\u00e3o foi revelada.<\/p>\n\n\n\n<h2 class=\"wp-block-heading\">Trag\u00e9dia<\/h2>\n\n\n\n<p>As tr\u00eas pessoas da mesma fam\u00edlia foram mortas a facadas na resid\u00eancia do casal de idosos. A pol\u00edcia foi acionada pela filha de Joana e Aparecido e esposa de Valdinei, que estava preocupada porque o marido saiu de casa para se exercitar sem ter levado o celular.<\/p>\n\n\n\n<p>Como ela n\u00e3o conseguia contato com o marido e nem com os pais, e Valdinei costumava passar na casa dos sogros ap\u00f3s os exerc\u00edcios, a mulher resolveu ir at\u00e9 a casa deles e encontrou os corpos.<\/p>\n\n\n\n<p>De acordo com o relato da vi\u00fava \u00e0 pol\u00edcia, cada um estava em um dos c\u00f4modos da casa, sendo a m\u00e3e na cozinha, o pai na sala e o marido no quarto.<\/p>\n\n\n\n<p>As v\u00edtimas apresentavam ferimentos provocados por facadas no pesco\u00e7o. Os corpos foram encaminhados para o Instituto M\u00e9dico Legal (IML) e liberados para vel\u00f3rio e enterro, que foram realizados no s\u00e1bado (25).<\/p>\n\n\n\n<p>A motiva\u00e7\u00e3o do crime ainda \u00e9 um mist\u00e9rio. A pol\u00edcia informou que n\u00e3o havia sinais de arrombamento no im\u00f3vel e nem de que houve algum tipo de luta das v\u00edtimas com um suposto autor dos assassinatos.<\/p>\n\n\n\n<p>Tamb\u00e9m ainda n\u00e3o foram localizadas imagens de circuito de seguran\u00e7a nem na resid\u00eancia e nem nas proximidades do im\u00f3vel. Um princ\u00edpio de inc\u00eandio no fog\u00e3o tamb\u00e9m foi registrado.<\/p>\n\n\n\n<p>Segundo os vizinhos dos idosos, a fam\u00edlia Carrasco era bem tranquila e nada de estranho j\u00e1 havia sido notado na resid\u00eancia antes do crime. Segundo um dos vizinhos entrevistados pela equipe de reportagem, todos estavam sempre calmos.<\/p>\n\n\n\n<p>O delegado respons\u00e1vel pelo caso, Marcos Jeferson da Silva, disse que ainda n\u00e3o descarta nenhuma linha de investiga\u00e7\u00e3o.<\/p>\n\n\n\n<p>De acordo com ele, pode se tratar de um caso de latroc\u00ednio, que \u00e9 o roubo seguido de morte, que pode ter sido mal sucedido, j\u00e1 que inicialmente nada foi levado das v\u00edtimas; homic\u00eddio motivado por vingan\u00e7a ou algum desentendimento, entre outras motiva\u00e7\u00f5es que ainda est\u00e3o sendo apuradas.<\/p>\n\n\n\n<p>Ainda de acordo com o delegado, a arma utilizada no crime, possivelmente uma faca, n\u00e3o foi localizada e o princ\u00edpio de inc\u00eandio no fog\u00e3o pode ter sido uma forma do suspeito tentar apagar evid\u00eancias do crime, inicialmente registrado como triplo homic\u00eddio.<\/p>\n<input type=\"hidden\" id=\"baseurl\" value=\"https:\/\/noticiasregionais.com.br\"><input type=\"hidden\" id=\"audio_nonce\" value=\"533fbb67b1\">","protected":false},"excerpt":{"rendered":"<p>Jovem era investigado como principal suspeito de triplo homic\u00eddio em Agudos (SP) e foi encontrado morto em um pr\u00e9dio abandonado&hellip;<\/p>\n","protected":false},"author":1,"featured_media":3052,"comment_status":"closed","ping_status":"open","sticky":false,"template":"","format":"standard","meta":{"sfsi_plus_gutenberg_text_before_share":"","sfsi_plus_gutenberg_show_text_before_share":"","sfsi_plus_gutenberg_icon_type":"","sfsi_plus_gutenberg_icon_alignemt":"","sfsi_plus_gutenburg_max_per_row":"","footnotes":""},"categories":[6,10,1],"tags":[],"class_list":["post-3051","post","type-post","status-publish","format-standard","has-post-thumbnail","hentry","category-sao_paulo","category-destaques","category-noticias"],"_links":{"self":[{"href":"https:\/\/noticiasregionais.com.br\/index.php?rest_route=\/wp\/v2\/posts\/3051","targetHints":{"allow":["GET"]}}],"collection":[{"href":"https:\/\/noticiasregionais.com.br\/index.php?rest_route=\/wp\/v2\/posts"}],"about":[{"href":"https:\/\/noticiasregionais.com.br\/index.php?rest_route=\/wp\/v2\/types\/post"}],"author":[{"embeddable":true,"href":"https:\/\/noticiasregionais.com.br\/index.php?rest_route=\/wp\/v2\/users\/1"}],"replies":[{"embeddable":true,"href":"https:\/\/noticiasregionais.com.br\/index.php?rest_route=%2Fwp%2Fv2%2Fcomments&post=3051"}],"version-history":[{"count":2,"href":"https:\/\/noticiasregionais.com.br\/index.php?rest_route=\/wp\/v2\/posts\/3051\/revisions"}],"predecessor-version":[{"id":3055,"href":"https:\/\/noticiasregionais.com.br\/index.php?rest_route=\/wp\/v2\/posts\/3051\/revisions\/3055"}],"wp:featuredmedia":[{"embeddable":true,"href":"https:\/\/noticiasregionais.com.br\/index.php?rest_route=\/wp\/v2\/media\/3052"}],"wp:attachment":[{"href":"https:\/\/noticiasregionais.com.br\/index.php?rest_route=%2Fwp%2Fv2%2Fmedia&parent=3051"}],"wp:term":[{"taxonomy":"category","embeddable":true,"href":"https:\/\/noticiasregionais.com.br\/index.php?rest_route=%2Fwp%2Fv2%2Fcategories&post=3051"},{"taxonomy":"post_tag","embeddable":true,"href":"https:\/\/noticiasregionais.com.br\/index.php?rest_route=%2Fwp%2Fv2%2Ftags&post=3051"}],"curies":[{"name":"wp","href":"https:\/\/api.w.org\/{rel}","templated":true}]}}