{"id":3056,"date":"2024-05-28T07:31:43","date_gmt":"2024-05-28T10:31:43","guid":{"rendered":"https:\/\/noticiasregionais.com.br\/?p=3056"},"modified":"2024-05-28T07:31:46","modified_gmt":"2024-05-28T10:31:46","slug":"ace-realiza-o-1o-sorteio-da-promocao-combinacao-perfeita-comercio-de-ourinhos-voce","status":"publish","type":"post","link":"https:\/\/noticiasregionais.com.br\/?p=3056","title":{"rendered":"ACE realiza o 1\u00ba sorteio da Promo\u00e7\u00e3o \u201cCombina\u00e7\u00e3o Perfeita &#8211; Com\u00e9rcio de Ourinhos &amp; Voc\u00ea\u201d"},"content":{"rendered":"\n<p class=\"has-text-align-center\"><strong>Tr\u00eas ganhadores de Ourinhos e um de Jacarezinho levaram R$1000 cada para gastar nas lojas participantes<\/strong><\/p>\n\n\n\n<p>A semana come\u00e7ou com quatro sortudos ganhando R$1000,00 cada no primeiro sorteio da promo\u00e7\u00e3o da ACE \u201cCombina\u00e7\u00e3o Perfeita &#8211; Com\u00e9rcio de Ourinhos &amp; Voc\u00ea\u201d.<\/p>\n\n\n\n<p>Tr\u00eas sorteados s\u00e3o de Ourinhos, Manoela Dias, Cleide de Carvalho Dias e Davi Dimas Giavara e um de Jacarezinho, Carlos Gabriel Aparecido Alc\u00e2ntara.<\/p>\n\n\n\n<p>Todos ganhar\u00e3o um cart\u00e3o contendo R$1000,00 para gastar nas lojas participantes da promo\u00e7\u00e3o.<\/p>\n\n\n\n<p>O sorteio contou com a presen\u00e7a do diretor da ACE, Fred Correa Leite, da gerente do Sicredi, Carla Jord\u00e3o Camacho Botelho e de funcion\u00e1rios da entidade.<\/p>\n\n\n\n<p>A promo\u00e7\u00e3o da ACE \u00e9 um sucesso e conta com o apoio do Sicredi. S\u00e3o mais de 120 lojas participantes e at\u00e9 o final do ano acontecer\u00e3o v\u00e1rios sorteios, totalizando R$70 mil em pr\u00eamios.<\/p>\n\n\n\n<p>\u201cA campanha promocional da ACE \u00e9 uma grande oportunidade de divulga\u00e7\u00e3o, fortalecimento de marca, maior visibilidade e atra\u00e7\u00e3o de clientes. Sem contar o incremento no caixa, j\u00e1 que ser\u00e3o sorteados ao longo do ano R$70 mil em pr\u00eamios para serem gastos nas empresas participantes. Como ainda estamos no come\u00e7o do ano, continuamos de portas abertas para todos os empreendedores que queiram participar\u201d, ressalta o presidente da ACE Robson Martuchi.<\/p>\n<input type=\"hidden\" id=\"baseurl\" value=\"https:\/\/noticiasregionais.com.br\"><input type=\"hidden\" id=\"audio_nonce\" value=\"62e6e21d74\">","protected":false},"excerpt":{"rendered":"<p>Tr\u00eas ganhadores de Ourinhos e um de Jacarezinho levaram R$1000 cada para gastar nas lojas participantes A semana come\u00e7ou com&hellip;<\/p>\n","protected":false},"author":1,"featured_media":3057,"comment_status":"closed","ping_status":"open","sticky":false,"template":"","format":"standard","meta":{"sfsi_plus_gutenberg_text_before_share":"","sfsi_plus_gutenberg_show_text_before_share":"","sfsi_plus_gutenberg_icon_type":"","sfsi_plus_gutenberg_icon_alignemt":"","sfsi_plus_gutenburg_max_per_row":"","footnotes":""},"categories":[5,12,1],"tags":[],"class_list":["post-3056","post","type-post","status-publish","format-standard","has-post-thumbnail","hentry","category-ourinhos","category-capa","category-noticias"],"_links":{"self":[{"href":"https:\/\/noticiasregionais.com.br\/index.php?rest_route=\/wp\/v2\/posts\/3056","targetHints":{"allow":["GET"]}}],"collection":[{"href":"https:\/\/noticiasregionais.com.br\/index.php?rest_route=\/wp\/v2\/posts"}],"about":[{"href":"https:\/\/noticiasregionais.com.br\/index.php?rest_route=\/wp\/v2\/types\/post"}],"author":[{"embeddable":true,"href":"https:\/\/noticiasregionais.com.br\/index.php?rest_route=\/wp\/v2\/users\/1"}],"replies":[{"embeddable":true,"href":"https:\/\/noticiasregionais.com.br\/index.php?rest_route=%2Fwp%2Fv2%2Fcomments&post=3056"}],"version-history":[{"count":1,"href":"https:\/\/noticiasregionais.com.br\/index.php?rest_route=\/wp\/v2\/posts\/3056\/revisions"}],"predecessor-version":[{"id":3058,"href":"https:\/\/noticiasregionais.com.br\/index.php?rest_route=\/wp\/v2\/posts\/3056\/revisions\/3058"}],"wp:featuredmedia":[{"embeddable":true,"href":"https:\/\/noticiasregionais.com.br\/index.php?rest_route=\/wp\/v2\/media\/3057"}],"wp:attachment":[{"href":"https:\/\/noticiasregionais.com.br\/index.php?rest_route=%2Fwp%2Fv2%2Fmedia&parent=3056"}],"wp:term":[{"taxonomy":"category","embeddable":true,"href":"https:\/\/noticiasregionais.com.br\/index.php?rest_route=%2Fwp%2Fv2%2Fcategories&post=3056"},{"taxonomy":"post_tag","embeddable":true,"href":"https:\/\/noticiasregionais.com.br\/index.php?rest_route=%2Fwp%2Fv2%2Ftags&post=3056"}],"curies":[{"name":"wp","href":"https:\/\/api.w.org\/{rel}","templated":true}]}}