{"id":3059,"date":"2024-05-28T07:57:58","date_gmt":"2024-05-28T10:57:58","guid":{"rendered":"https:\/\/noticiasregionais.com.br\/?p=3059"},"modified":"2024-05-28T07:58:09","modified_gmt":"2024-05-28T10:58:09","slug":"com-sancao-de-tarcisio-sao-paulo-devera-ter-ate-100-escolas-civico-militares-em-2025","status":"publish","type":"post","link":"https:\/\/noticiasregionais.com.br\/?p=3059","title":{"rendered":"Com san\u00e7\u00e3o de Tarc\u00edsio, S\u00e3o Paulo dever\u00e1 ter at\u00e9 100 escolas c\u00edvico militares em 2025"},"content":{"rendered":"\n<p class=\"has-text-align-center\"><strong>De acordo com a lei, a Secretaria da Educa\u00e7\u00e3o ser\u00e1 respons\u00e1vel pelo curr\u00edculo pedag\u00f3gico, a forma\u00e7\u00e3o de professores e a adequa\u00e7\u00e3o f\u00edsica das escolas.<\/strong><\/p>\n\n\n\n<p>O governador de S\u00e3o Paulo, Tarc\u00edsio de Freitas, sancionou nesta segunda-feira (27) a lei que cria o Programa Escola C\u00edvico-Militar na rede de ensino paulista. A nova legisla\u00e7\u00e3o, j\u00e1 publicada no Di\u00e1rio Oficial do Estado, abre caminho para uma consulta p\u00fablica que determinar\u00e1 quais unidades estaduais e municipais aderir\u00e3o ao modelo. A previs\u00e3o \u00e9 que entre 50 e 100 escolas c\u00edvico-militares comecem a funcionar no in\u00edcio de 2025.<\/p>\n\n\n\n<p>Segundo Tarc\u00edsio, as escolas c\u00edvico-militares oferecem um ambiente mais seguro e disciplinado, onde valores como civismo e respeito ser\u00e3o refor\u00e7ados, al\u00e9m de permitir o canto do hino nacional. Ele enfatizou que a ades\u00e3o ser\u00e1 volunt\u00e1ria, proporcionando uma alternativa de qualidade no ensino p\u00fablico.<\/p>\n\n\n\n<p>A cerim\u00f4nia de san\u00e7\u00e3o da lei, realizada no Pal\u00e1cio dos Bandeirantes, contou com a presen\u00e7a de autoridades como Arthur Lima, secret\u00e1rio-chefe da Casa Civil, Vinicius Neiva, secret\u00e1rio executivo de Educa\u00e7\u00e3o, Osvaldo Nico Gon\u00e7alves, secret\u00e1rio executivo de Seguran\u00e7a P\u00fablica, al\u00e9m de deputados, prefeitos e gestores de ensino. A Assembleia Legislativa do Estado de S\u00e3o Paulo (Alesp) aprovou a proposta na semana passada.<\/p>\n\n\n\n<p>De acordo com a lei, a Secretaria da Educa\u00e7\u00e3o ser\u00e1 respons\u00e1vel pelo curr\u00edculo pedag\u00f3gico, a forma\u00e7\u00e3o de professores e a adequa\u00e7\u00e3o f\u00edsica das escolas. A Secretaria da Seguran\u00e7a P\u00fablica indicar\u00e1 policiais militares da reserva para atuar como monitores, al\u00e9m de organizar a disciplina e a seguran\u00e7a nas unidades.<\/p>\n\n\n\n<p>A implementa\u00e7\u00e3o ser\u00e1 gradual e depender\u00e1 da aprova\u00e7\u00e3o das comunidades escolares atrav\u00e9s de consultas p\u00fablicas ao longo deste ano. Cada consulta ser\u00e1 anunciada no Di\u00e1rio Oficial com pelo menos 15 dias de anteced\u00eancia.<\/p>\n\n\n\n<p>A escola c\u00edvico-militar visa melhorar o aprendizado, reduzir a viol\u00eancia e oferecer um ambiente escolar mais seguro. As unidades ser\u00e3o selecionadas com base em crit\u00e9rios como vulnerabilidade social e desempenho escolar inferior \u00e0 m\u00e9dia estadual. O programa ser\u00e1 aplicado em escolas de ensino fundamental e m\u00e9dio.<\/p>\n\n\n\n<p>O financiamento ser\u00e1 semelhante ao das escolas regulares, com um or\u00e7amento anual de R$ 7,2 milh\u00f5es destinado ao pagamento dos monitores militares. A qualidade do ensino ser\u00e1 medida pelo \u00cdndice de Desenvolvimento da Educa\u00e7\u00e3o B\u00e1sica (Ideb), com metas de redu\u00e7\u00e3o de viol\u00eancia e abandono escolar.<\/p>\n<input type=\"hidden\" id=\"baseurl\" value=\"https:\/\/noticiasregionais.com.br\"><input type=\"hidden\" id=\"audio_nonce\" value=\"533fbb67b1\">","protected":false},"excerpt":{"rendered":"<p>De acordo com a lei, a Secretaria da Educa\u00e7\u00e3o ser\u00e1 respons\u00e1vel pelo curr\u00edculo pedag\u00f3gico, a forma\u00e7\u00e3o de professores e a&hellip;<\/p>\n","protected":false},"author":1,"featured_media":3060,"comment_status":"closed","ping_status":"open","sticky":false,"template":"","format":"standard","meta":{"sfsi_plus_gutenberg_text_before_share":"","sfsi_plus_gutenberg_show_text_before_share":"","sfsi_plus_gutenberg_icon_type":"","sfsi_plus_gutenberg_icon_alignemt":"","sfsi_plus_gutenburg_max_per_row":"","footnotes":""},"categories":[6,10,1],"tags":[],"class_list":["post-3059","post","type-post","status-publish","format-standard","has-post-thumbnail","hentry","category-sao_paulo","category-destaques","category-noticias"],"_links":{"self":[{"href":"https:\/\/noticiasregionais.com.br\/index.php?rest_route=\/wp\/v2\/posts\/3059","targetHints":{"allow":["GET"]}}],"collection":[{"href":"https:\/\/noticiasregionais.com.br\/index.php?rest_route=\/wp\/v2\/posts"}],"about":[{"href":"https:\/\/noticiasregionais.com.br\/index.php?rest_route=\/wp\/v2\/types\/post"}],"author":[{"embeddable":true,"href":"https:\/\/noticiasregionais.com.br\/index.php?rest_route=\/wp\/v2\/users\/1"}],"replies":[{"embeddable":true,"href":"https:\/\/noticiasregionais.com.br\/index.php?rest_route=%2Fwp%2Fv2%2Fcomments&post=3059"}],"version-history":[{"count":1,"href":"https:\/\/noticiasregionais.com.br\/index.php?rest_route=\/wp\/v2\/posts\/3059\/revisions"}],"predecessor-version":[{"id":3061,"href":"https:\/\/noticiasregionais.com.br\/index.php?rest_route=\/wp\/v2\/posts\/3059\/revisions\/3061"}],"wp:featuredmedia":[{"embeddable":true,"href":"https:\/\/noticiasregionais.com.br\/index.php?rest_route=\/wp\/v2\/media\/3060"}],"wp:attachment":[{"href":"https:\/\/noticiasregionais.com.br\/index.php?rest_route=%2Fwp%2Fv2%2Fmedia&parent=3059"}],"wp:term":[{"taxonomy":"category","embeddable":true,"href":"https:\/\/noticiasregionais.com.br\/index.php?rest_route=%2Fwp%2Fv2%2Fcategories&post=3059"},{"taxonomy":"post_tag","embeddable":true,"href":"https:\/\/noticiasregionais.com.br\/index.php?rest_route=%2Fwp%2Fv2%2Ftags&post=3059"}],"curies":[{"name":"wp","href":"https:\/\/api.w.org\/{rel}","templated":true}]}}