{"id":306,"date":"2023-09-08T11:22:24","date_gmt":"2023-09-08T14:22:24","guid":{"rendered":"https:\/\/noticiasregionais.com.br\/?p=306"},"modified":"2023-09-08T11:22:24","modified_gmt":"2023-09-08T14:22:24","slug":"semana-do-cliente-de-8-a-16-de-setembro-descontos-imperdiveis-no-comercio-de-ourinhos","status":"publish","type":"post","link":"https:\/\/noticiasregionais.com.br\/?p=306","title":{"rendered":"Semana do Cliente: de 8 a 16 de setembro descontos imperd\u00edveis no com\u00e9rcio de Ourinhos"},"content":{"rendered":"\n<p>A Semana do Cliente est\u00e1 chegando e de 8 a 16 de setembro uma onda arrasadora de descontos vai tomar conta do com\u00e9rcio de Ourinhos.<\/p>\n\n\n\n<p>A Associa\u00e7\u00e3o Comercial e Empresarial de Ourinhos (ACE) incentiva todos os associados a participarem da campanha.<\/p>\n\n\n\n<p>\u201cPosicionada estrategicamente entre o Dia dos Pais e Dia das Crian\u00e7as, a Semana do Cliente em setembro pode ser uma \u00f3tima oportunidade para o com\u00e9rcio. Por isso, incentivamos a participa\u00e7\u00e3o de todos os associados e a realiza\u00e7\u00e3o de promo\u00e7\u00f5es exclusivas. \u00c9 um momento de agradecer os clientes com descontos e experi\u00eancias in\u00e9ditas\u201d, disse Robson Martuchi, presidente da ACE Ourinhos.<\/p>\n\n\n\n<p>A ACE realiza a campanha como forma de reconhecer e agradecer a base vital do com\u00e9rcio &#8211; os clientes. \u201c\u00c9 a oportunidade de celebrarmos a comunidade empresarial e os consumidores. Dia 15 de setembro \u00e9 o Dia do Cliente e juntos vamos comemorar com essa a\u00e7\u00e3o, que j\u00e1 \u00e9 tradi\u00e7\u00e3o em Ourinhos\u201d.<\/p>\n\n\n\n<p>As campanhas de descontos da Semana do Cliente envolvem todos os segmentos comerciais e os pre\u00e7os podem chegar a at\u00e9 80% a menos do valor convencional.<\/p>\n\n\n\n<p>S\u00e3o confec\u00e7\u00f5es, cal\u00e7ados, cosm\u00e9ticos, brinquedos, presentes, bijuterias, eletrodom\u00e9sticos, eletroeletr\u00f4nicos, m\u00f3veis, materiais de constru\u00e7\u00e3o &#8211; s\u00e3o muitas possibilidades que o consumidor pode aproveitar.<\/p>\n<input type=\"hidden\" id=\"baseurl\" value=\"https:\/\/noticiasregionais.com.br\"><input type=\"hidden\" id=\"audio_nonce\" value=\"533fbb67b1\">","protected":false},"excerpt":{"rendered":"<p>A Semana do Cliente est\u00e1 chegando e de 8 a 16 de setembro uma onda arrasadora de descontos vai tomar&hellip;<\/p>\n","protected":false},"author":1,"featured_media":307,"comment_status":"closed","ping_status":"open","sticky":false,"template":"","format":"standard","meta":{"sfsi_plus_gutenberg_text_before_share":"","sfsi_plus_gutenberg_show_text_before_share":"","sfsi_plus_gutenberg_icon_type":"","sfsi_plus_gutenberg_icon_alignemt":"","sfsi_plus_gutenburg_max_per_row":"","footnotes":""},"categories":[5,10,1],"tags":[],"class_list":["post-306","post","type-post","status-publish","format-standard","has-post-thumbnail","hentry","category-ourinhos","category-destaques","category-noticias"],"_links":{"self":[{"href":"https:\/\/noticiasregionais.com.br\/index.php?rest_route=\/wp\/v2\/posts\/306","targetHints":{"allow":["GET"]}}],"collection":[{"href":"https:\/\/noticiasregionais.com.br\/index.php?rest_route=\/wp\/v2\/posts"}],"about":[{"href":"https:\/\/noticiasregionais.com.br\/index.php?rest_route=\/wp\/v2\/types\/post"}],"author":[{"embeddable":true,"href":"https:\/\/noticiasregionais.com.br\/index.php?rest_route=\/wp\/v2\/users\/1"}],"replies":[{"embeddable":true,"href":"https:\/\/noticiasregionais.com.br\/index.php?rest_route=%2Fwp%2Fv2%2Fcomments&post=306"}],"version-history":[{"count":1,"href":"https:\/\/noticiasregionais.com.br\/index.php?rest_route=\/wp\/v2\/posts\/306\/revisions"}],"predecessor-version":[{"id":308,"href":"https:\/\/noticiasregionais.com.br\/index.php?rest_route=\/wp\/v2\/posts\/306\/revisions\/308"}],"wp:featuredmedia":[{"embeddable":true,"href":"https:\/\/noticiasregionais.com.br\/index.php?rest_route=\/wp\/v2\/media\/307"}],"wp:attachment":[{"href":"https:\/\/noticiasregionais.com.br\/index.php?rest_route=%2Fwp%2Fv2%2Fmedia&parent=306"}],"wp:term":[{"taxonomy":"category","embeddable":true,"href":"https:\/\/noticiasregionais.com.br\/index.php?rest_route=%2Fwp%2Fv2%2Fcategories&post=306"},{"taxonomy":"post_tag","embeddable":true,"href":"https:\/\/noticiasregionais.com.br\/index.php?rest_route=%2Fwp%2Fv2%2Ftags&post=306"}],"curies":[{"name":"wp","href":"https:\/\/api.w.org\/{rel}","templated":true}]}}