{"id":3062,"date":"2024-05-28T19:45:23","date_gmt":"2024-05-28T22:45:23","guid":{"rendered":"https:\/\/noticiasregionais.com.br\/?p=3062"},"modified":"2024-05-28T19:45:26","modified_gmt":"2024-05-28T22:45:26","slug":"congresso-mantem-vetos-de-bolsonaro-e-nao-criminaliza-fake-news-nas-eleicoes","status":"publish","type":"post","link":"https:\/\/noticiasregionais.com.br\/?p=3062","title":{"rendered":"Congresso Mant\u00e9m Vetos de Bolsonaro e N\u00e3o Criminaliza Fake News nas Elei\u00e7\u00f5es"},"content":{"rendered":"\n<p>O Congresso Nacional decidiu, nesta ter\u00e7a-feira (28), manter todos os vetos do ex-presidente Jair Bolsonaro ao projeto que substituiu a Lei de Seguran\u00e7a Nacional, com 317 votos a favor, 139 contra e quatro absten\u00e7\u00f5es. Entre os dispositivos vetados est\u00e1 a criminaliza\u00e7\u00e3o da dissemina\u00e7\u00e3o de informa\u00e7\u00f5es falsas durante campanhas eleitorais.<\/p>\n\n\n\n<p>A decis\u00e3o foi resultado de uma campanha liderada por Bolsonaro e apoiada pela oposi\u00e7\u00e3o, que apelidaram os vetos de \u201cvetos da liberdade\u201d. Deputados e senadores argumentaram que criminalizar fake news poderia limitar o debate pol\u00edtico e enfraquecer o processo democr\u00e1tico.<\/p>\n\n\n\n<p>Os vetos de Bolsonaro eliminaram oito dispositivos do texto aprovado pelo Legislativo, que inclu\u00edam puni\u00e7\u00f5es para comunica\u00e7\u00e3o enganosa em massa, atentados ao direito de manifesta\u00e7\u00e3o e san\u00e7\u00f5es mais severas para militares envolvidos em crimes contra o estado democr\u00e1tico de direito. As penas propostas para a promo\u00e7\u00e3o de fake news variavam de um a cinco anos de pris\u00e3o e multa.<\/p>\n\n\n\n<p>Bolsonaro justificou os vetos alegando que as medidas poderiam afastar os eleitores do debate pol\u00edtico e restringir a liberdade de express\u00e3o. Ele tamb\u00e9m vetou a possibilidade de partidos acionarem a Justi\u00e7a Eleitoral na aus\u00eancia de manifesta\u00e7\u00e3o do Minist\u00e9rio P\u00fablico sobre a desinforma\u00e7\u00e3o nas elei\u00e7\u00f5es.<\/p>\n\n\n\n<p>Al\u00e9m desta decis\u00e3o, o Congresso ainda deve analisar outro veto presidencial relacionado \u00e0 sa\u00edda tempor\u00e1ria de presos, a chamada \u201csaidinha\u201d. A expectativa \u00e9 de que Bolsonaro imponha mais uma derrota ao governo Lula nesta vota\u00e7\u00e3o.<\/p>\n<input type=\"hidden\" id=\"baseurl\" value=\"https:\/\/noticiasregionais.com.br\"><input type=\"hidden\" id=\"audio_nonce\" value=\"533fbb67b1\">","protected":false},"excerpt":{"rendered":"<p>O Congresso Nacional decidiu, nesta ter\u00e7a-feira (28), manter todos os vetos do ex-presidente Jair Bolsonaro ao projeto que substituiu a&hellip;<\/p>\n","protected":false},"author":1,"featured_media":3063,"comment_status":"closed","ping_status":"open","sticky":false,"template":"","format":"standard","meta":{"sfsi_plus_gutenberg_text_before_share":"","sfsi_plus_gutenberg_show_text_before_share":"","sfsi_plus_gutenberg_icon_type":"","sfsi_plus_gutenberg_icon_alignemt":"","sfsi_plus_gutenburg_max_per_row":"","footnotes":""},"categories":[8,10,1],"tags":[],"class_list":["post-3062","post","type-post","status-publish","format-standard","has-post-thumbnail","hentry","category-brasil","category-destaques","category-noticias"],"_links":{"self":[{"href":"https:\/\/noticiasregionais.com.br\/index.php?rest_route=\/wp\/v2\/posts\/3062","targetHints":{"allow":["GET"]}}],"collection":[{"href":"https:\/\/noticiasregionais.com.br\/index.php?rest_route=\/wp\/v2\/posts"}],"about":[{"href":"https:\/\/noticiasregionais.com.br\/index.php?rest_route=\/wp\/v2\/types\/post"}],"author":[{"embeddable":true,"href":"https:\/\/noticiasregionais.com.br\/index.php?rest_route=\/wp\/v2\/users\/1"}],"replies":[{"embeddable":true,"href":"https:\/\/noticiasregionais.com.br\/index.php?rest_route=%2Fwp%2Fv2%2Fcomments&post=3062"}],"version-history":[{"count":1,"href":"https:\/\/noticiasregionais.com.br\/index.php?rest_route=\/wp\/v2\/posts\/3062\/revisions"}],"predecessor-version":[{"id":3064,"href":"https:\/\/noticiasregionais.com.br\/index.php?rest_route=\/wp\/v2\/posts\/3062\/revisions\/3064"}],"wp:featuredmedia":[{"embeddable":true,"href":"https:\/\/noticiasregionais.com.br\/index.php?rest_route=\/wp\/v2\/media\/3063"}],"wp:attachment":[{"href":"https:\/\/noticiasregionais.com.br\/index.php?rest_route=%2Fwp%2Fv2%2Fmedia&parent=3062"}],"wp:term":[{"taxonomy":"category","embeddable":true,"href":"https:\/\/noticiasregionais.com.br\/index.php?rest_route=%2Fwp%2Fv2%2Fcategories&post=3062"},{"taxonomy":"post_tag","embeddable":true,"href":"https:\/\/noticiasregionais.com.br\/index.php?rest_route=%2Fwp%2Fv2%2Ftags&post=3062"}],"curies":[{"name":"wp","href":"https:\/\/api.w.org\/{rel}","templated":true}]}}