{"id":3065,"date":"2024-05-28T20:02:37","date_gmt":"2024-05-28T23:02:37","guid":{"rendered":"https:\/\/noticiasregionais.com.br\/?p=3065"},"modified":"2024-05-28T20:02:49","modified_gmt":"2024-05-28T23:02:49","slug":"prefeituras-partilham-cerca-de-r-47-bi-nesta-4a-com-ourinhos-recebendo-mais-de-2-milhoes","status":"publish","type":"post","link":"https:\/\/noticiasregionais.com.br\/?p=3065","title":{"rendered":"Prefeituras partilham cerca de R$ 4,7 bi nesta 4\u00aa com Ourinhos recebendo mais de 2 milh\u00f5es"},"content":{"rendered":"\n<p class=\"has-text-align-center\"><strong>Valor \u00e9 da terceira parcela de maio do Fundo de Participa\u00e7\u00e3o dos Munic\u00edpios. Especialista ressalta a import\u00e2ncia de manter as contas em dia para evitar bloqueios no repasse do FPM<\/strong><\/p>\n\n\n\n<p>As prefeituras brasileiras partilham cerca de R$ 4,7 bilh\u00f5es referentes \u00e0 terceira parcela de maio de 2024 do Fundo de Participa\u00e7\u00e3o dos Munic\u00edpios (FPM). O valor ser\u00e1 creditado nesta quarta-feira (29). Segundo o especialista em or\u00e7amento p\u00fablico, Cesar Lima, foi registrada uma ligeira queda de 3% na compara\u00e7\u00e3o com o terceiro dec\u00eandio de abril.<\/p>\n\n\n\n<p>\u201cApesar de o&nbsp;governo ter um resultado bem expressivo \u2014&nbsp;de maiores arrecada\u00e7\u00f5es em 30 anos\u2014, isso n\u00e3o tem sido expresso para os munic\u00edpios. Fechando esse semestre, vamos fazer um levantamento, para poder saber em rela\u00e7\u00e3o ao ano passado, como realmente est\u00e1 esse resultado\u201d, pontua.<\/p>\n\n\n\n<p>Cesar Lima ainda destaca que os recursos financeiros podem ser utilizados em qualquer a\u00e7\u00e3o or\u00e7ament\u00e1ria dos munic\u00edpios, como pagamentos pessoais e de custeio, contas de \u00e1gua e luz, al\u00e9m de \u00a0investimentos em sa\u00fade, educa\u00e7\u00e3o e infraestrutura.<\/p>\n\n\n\n<p>\u201cPrimeiramente, os prefeitos devem colocar em dia as contas que podem levar a um&nbsp;bloqueio no [repasse do] FPM. S\u00e3o as contas previdenci\u00e1rias, as d\u00edvidas com a Uni\u00e3o. Porque esses munic\u00edpios que est\u00e3o bloqueados n\u00e3o recebem, ou recebem em parte, os valores do FPM. Ent\u00e3o \u00e9 bom que eles tomem cuidado com esses pagamentos, para evitar futuros bloqueios\u201d, destaca.&nbsp;<\/p>\n\n\n\n<p><a href=\"https:\/\/brasil61.com\/n\/ldo-correcao-do-minimo-e-variacao-do-inpc-podem-impactar-r-51-bi-bras2411748\" target=\"_blank\" rel=\"noopener\">LDO: Corre\u00e7\u00e3o do m\u00ednimo e varia\u00e7\u00e3o do INPC podem impactar R$ 51 bi<\/a><\/p>\n\n\n\n<p><a href=\"https:\/\/brasil61.com\/n\/inflacao-ipc-s-tem-alta-de-3-27-nos-ultimos-12-meses-bras2411742\" target=\"_blank\" rel=\"noopener\">Infla\u00e7\u00e3o: IPC-S tem alta de 3,27% nos \u00faltimos 12 meses<\/a><\/p>\n\n\n\n<h2 class=\"wp-block-heading\">Prefeituras bloqueadas<\/h2>\n\n\n\n<p>At\u00e9 domingo (26), 13 munic\u00edpios estavam impedidos de receber o FPM, de acordo com o Sistema Integrado de Administra\u00e7\u00e3o Financeira (Siafi).<\/p>\n\n\n\n<p>Verifique se a sua cidade est\u00e1 na lista:<\/p>\n\n\n\n<ul class=\"wp-block-list\">\n<li>Itanh\u00e9m (BA)<\/li>\n\n\n\n<li>Campos Sales (CE)<\/li>\n\n\n\n<li>Guarapari (ES)<\/li>\n\n\n\n<li>Mucurici (ES)<\/li>\n\n\n\n<li>Corumba\u00edba (GO)<\/li>\n\n\n\n<li>Montividiu do Norte (GO)<\/li>\n\n\n\n<li>S\u00e3o Miguel do Araguaia (GO)<\/li>\n\n\n\n<li>Uruana (GO)<\/li>\n\n\n\n<li>Cod\u00f3 (MA)<\/li>\n\n\n\n<li>Ant\u00f4nio Jo\u00e3o (MS)<\/li>\n\n\n\n<li>Pedro Gomes (MS)<\/li>\n\n\n\n<li>Assun\u00e7\u00e3o (PB)<\/li>\n\n\n\n<li>Pilar (PB)<\/li>\n<\/ul>\n\n\n\n<p>De acordo com a CNM, entre os motivos de bloqueios dos munic\u00edpios est\u00e3o:<\/p>\n\n\n\n<ul class=\"wp-block-list\">\n<li>Aus\u00eancia de pagamento da contribui\u00e7\u00e3o ao Programa de Forma\u00e7\u00e3o do Patrim\u00f4nio do Servidor P\u00fablico (Pasep);<\/li>\n\n\n\n<li>D\u00edvidas com o Instituto Nacional do Seguro Social (INSS);<\/li>\n\n\n\n<li>D\u00e9bitos com a inscri\u00e7\u00e3o da d\u00edvida ativa pela Procuradoria-Geral da Fazenda Nacional (PGFN);<\/li>\n\n\n\n<li>Falta de presta\u00e7\u00e3o de contas no Sistema de Informa\u00e7\u00f5es sobre Or\u00e7amento P\u00fablico em Sa\u00fade (Siops). \u00a0<\/li>\n<\/ul>\n\n\n\n<p>Para desbloquear o repasse, o gestor p\u00fablico deve identificar o \u00f3rg\u00e3o que determinou o congelamento. Em seguida, deve conhecer o motivo e regularizar a situa\u00e7\u00e3o. Vale lembrar que a prefeitura n\u00e3o perde os recursos bloqueados de forma definitiva. Eles ficam apenas congelados enquanto as pend\u00eancias n\u00e3o s\u00e3o regularizadas. &nbsp;<\/p>\n\n\n\n<h2 class=\"wp-block-heading\">Recursos do FPM<\/h2>\n\n\n\n<p>Os recursos do FPM fazem parte do dinheiro arrecadado pela Uni\u00e3o \u2014&nbsp;atrav\u00e9s de impostos \u2014, e s\u00e3o repassados&nbsp;a cada dez dias&nbsp;a todas as prefeituras do pa\u00eds.\u00c9 importante ressaltar que, de acordo com a Confedera\u00e7\u00e3o Nacional de Munic\u00edpios (CNM), a distribui\u00e7\u00e3o dos recursos \u00e9 feita de acordo com o n\u00famero de habitantes, conforme a Lei 5172\/66 (C\u00f3digo Tribut\u00e1rio Nacional) e o Decreto-Lei 1881\/81.&nbsp;<\/p>\n\n\n\n<p>Fonte: <a href=\"https:\/\/brasil61.com\/n\/fpm-prefeituras-partilham-cerca-de-r-4-7-bi-nesta-4-bras2411759\" target=\"_blank\" rel=\"noreferrer noopener\">Brasil 61<\/a><\/p>\n<input type=\"hidden\" id=\"baseurl\" value=\"https:\/\/noticiasregionais.com.br\"><input type=\"hidden\" id=\"audio_nonce\" value=\"5c13e0637f\">","protected":false},"excerpt":{"rendered":"<p>Valor \u00e9 da terceira parcela de maio do Fundo de Participa\u00e7\u00e3o dos Munic\u00edpios. Especialista ressalta a import\u00e2ncia de manter as&hellip;<\/p>\n","protected":false},"author":1,"featured_media":3066,"comment_status":"closed","ping_status":"open","sticky":false,"template":"","format":"standard","meta":{"sfsi_plus_gutenberg_text_before_share":"","sfsi_plus_gutenberg_show_text_before_share":"","sfsi_plus_gutenberg_icon_type":"","sfsi_plus_gutenberg_icon_alignemt":"","sfsi_plus_gutenburg_max_per_row":"","footnotes":""},"categories":[5,12,1],"tags":[],"class_list":["post-3065","post","type-post","status-publish","format-standard","has-post-thumbnail","hentry","category-ourinhos","category-capa","category-noticias"],"_links":{"self":[{"href":"https:\/\/noticiasregionais.com.br\/index.php?rest_route=\/wp\/v2\/posts\/3065","targetHints":{"allow":["GET"]}}],"collection":[{"href":"https:\/\/noticiasregionais.com.br\/index.php?rest_route=\/wp\/v2\/posts"}],"about":[{"href":"https:\/\/noticiasregionais.com.br\/index.php?rest_route=\/wp\/v2\/types\/post"}],"author":[{"embeddable":true,"href":"https:\/\/noticiasregionais.com.br\/index.php?rest_route=\/wp\/v2\/users\/1"}],"replies":[{"embeddable":true,"href":"https:\/\/noticiasregionais.com.br\/index.php?rest_route=%2Fwp%2Fv2%2Fcomments&post=3065"}],"version-history":[{"count":1,"href":"https:\/\/noticiasregionais.com.br\/index.php?rest_route=\/wp\/v2\/posts\/3065\/revisions"}],"predecessor-version":[{"id":3067,"href":"https:\/\/noticiasregionais.com.br\/index.php?rest_route=\/wp\/v2\/posts\/3065\/revisions\/3067"}],"wp:featuredmedia":[{"embeddable":true,"href":"https:\/\/noticiasregionais.com.br\/index.php?rest_route=\/wp\/v2\/media\/3066"}],"wp:attachment":[{"href":"https:\/\/noticiasregionais.com.br\/index.php?rest_route=%2Fwp%2Fv2%2Fmedia&parent=3065"}],"wp:term":[{"taxonomy":"category","embeddable":true,"href":"https:\/\/noticiasregionais.com.br\/index.php?rest_route=%2Fwp%2Fv2%2Fcategories&post=3065"},{"taxonomy":"post_tag","embeddable":true,"href":"https:\/\/noticiasregionais.com.br\/index.php?rest_route=%2Fwp%2Fv2%2Ftags&post=3065"}],"curies":[{"name":"wp","href":"https:\/\/api.w.org\/{rel}","templated":true}]}}