{"id":3068,"date":"2024-05-28T20:30:24","date_gmt":"2024-05-28T23:30:24","guid":{"rendered":"https:\/\/noticiasregionais.com.br\/?p=3068"},"modified":"2024-05-28T20:30:27","modified_gmt":"2024-05-28T23:30:27","slug":"acao-conjunta-entre-prf-e-pf-apreende-25-toneladas-de-maconha-na-regiao-de-londrina-pr","status":"publish","type":"post","link":"https:\/\/noticiasregionais.com.br\/?p=3068","title":{"rendered":"A\u00e7\u00e3o conjunta entre PRF e PF apreende 2,5 toneladas de maconha na regi\u00e3o de Londrina\/PR"},"content":{"rendered":"\n<p>Em uma opera\u00e7\u00e3o conjunta realizada na tarde desta ter\u00e7a-feira, a Pol\u00edcia Rodovi\u00e1ria Federal (PRF) e a Pol\u00edcia Federal (PF) apreenderam 2,5 toneladas de maconha na regi\u00e3o de Londrina, no Paran\u00e1. A apreens\u00e3o ocorreu durante um patrulhamento t\u00e1tico de combate ao crime na BR 369, no munic\u00edpio de Santa Mariana.<\/p>\n\n\n\n<p>A equipe de patrulha observou um caminh\u00e3o com placas paraguaias trafegando em alta velocidade, incompat\u00edvel com os limites da via. Imediatamente, os agentes decidiram abordar o ve\u00edculo para uma fiscaliza\u00e7\u00e3o e orienta\u00e7\u00e3o de tr\u00e2nsito. Durante a abordagem, o condutor do caminh\u00e3o, um jovem de 22 anos, de nacionalidade paraguaia, demonstrou nervosismo e confus\u00e3o, levantando suspeitas adicionais.<\/p>\n\n\n\n<p>Os agentes procederam com uma fiscaliza\u00e7\u00e3o avan\u00e7ada no ve\u00edculo e, no compartimento de carga, localizaram 2.534 kg de maconha. A droga, juntamente com o caminh\u00e3o e o condutor, foi encaminhada \u00e0 Delegacia de Pol\u00edcia Federal em Londrina para os procedimentos legais.<\/p>\n\n\n\n<figure class=\"wp-block-embed is-type-video is-provider-youtube wp-block-embed-youtube wp-embed-aspect-16-9 wp-has-aspect-ratio\"><div class=\"wp-block-embed__wrapper\">\n<iframe loading=\"lazy\" title=\"PRF e PF localizam mais de 2,5 toneladas de Maconha em Londrina\" width=\"640\" height=\"360\" src=\"https:\/\/www.youtube.com\/embed\/T_qa9Re6brI?feature=oembed\" frameborder=\"0\" allow=\"accelerometer; autoplay; clipboard-write; encrypted-media; gyroscope; picture-in-picture; web-share\" referrerpolicy=\"strict-origin-when-cross-origin\" allowfullscreen><\/iframe>\n<\/div><\/figure>\n<input type=\"hidden\" id=\"baseurl\" value=\"https:\/\/noticiasregionais.com.br\"><input type=\"hidden\" id=\"audio_nonce\" value=\"533fbb67b1\">","protected":false},"excerpt":{"rendered":"<p>Em uma opera\u00e7\u00e3o conjunta realizada na tarde desta ter\u00e7a-feira, a Pol\u00edcia Rodovi\u00e1ria Federal (PRF) e a Pol\u00edcia Federal (PF) apreenderam&hellip;<\/p>\n","protected":false},"author":1,"featured_media":3069,"comment_status":"closed","ping_status":"open","sticky":false,"template":"","format":"standard","meta":{"sfsi_plus_gutenberg_text_before_share":"","sfsi_plus_gutenberg_show_text_before_share":"","sfsi_plus_gutenberg_icon_type":"","sfsi_plus_gutenberg_icon_alignemt":"","sfsi_plus_gutenburg_max_per_row":"","footnotes":""},"categories":[7,10,1],"tags":[],"class_list":["post-3068","post","type-post","status-publish","format-standard","has-post-thumbnail","hentry","category-parana","category-destaques","category-noticias"],"_links":{"self":[{"href":"https:\/\/noticiasregionais.com.br\/index.php?rest_route=\/wp\/v2\/posts\/3068","targetHints":{"allow":["GET"]}}],"collection":[{"href":"https:\/\/noticiasregionais.com.br\/index.php?rest_route=\/wp\/v2\/posts"}],"about":[{"href":"https:\/\/noticiasregionais.com.br\/index.php?rest_route=\/wp\/v2\/types\/post"}],"author":[{"embeddable":true,"href":"https:\/\/noticiasregionais.com.br\/index.php?rest_route=\/wp\/v2\/users\/1"}],"replies":[{"embeddable":true,"href":"https:\/\/noticiasregionais.com.br\/index.php?rest_route=%2Fwp%2Fv2%2Fcomments&post=3068"}],"version-history":[{"count":1,"href":"https:\/\/noticiasregionais.com.br\/index.php?rest_route=\/wp\/v2\/posts\/3068\/revisions"}],"predecessor-version":[{"id":3070,"href":"https:\/\/noticiasregionais.com.br\/index.php?rest_route=\/wp\/v2\/posts\/3068\/revisions\/3070"}],"wp:featuredmedia":[{"embeddable":true,"href":"https:\/\/noticiasregionais.com.br\/index.php?rest_route=\/wp\/v2\/media\/3069"}],"wp:attachment":[{"href":"https:\/\/noticiasregionais.com.br\/index.php?rest_route=%2Fwp%2Fv2%2Fmedia&parent=3068"}],"wp:term":[{"taxonomy":"category","embeddable":true,"href":"https:\/\/noticiasregionais.com.br\/index.php?rest_route=%2Fwp%2Fv2%2Fcategories&post=3068"},{"taxonomy":"post_tag","embeddable":true,"href":"https:\/\/noticiasregionais.com.br\/index.php?rest_route=%2Fwp%2Fv2%2Ftags&post=3068"}],"curies":[{"name":"wp","href":"https:\/\/api.w.org\/{rel}","templated":true}]}}