{"id":3071,"date":"2024-05-29T07:24:42","date_gmt":"2024-05-29T10:24:42","guid":{"rendered":"https:\/\/noticiasregionais.com.br\/?p=3071"},"modified":"2024-05-29T07:24:45","modified_gmt":"2024-05-29T10:24:45","slug":"prf-apreende-mais-de-200-celulares-oriundos-do-paraguai-em-ourinhos","status":"publish","type":"post","link":"https:\/\/noticiasregionais.com.br\/?p=3071","title":{"rendered":"PRF apreende mais de 200 celulares oriundos do Paraguai em Ourinhos"},"content":{"rendered":"\n<p>Na noite desta ter\u00e7a-feira (28), por volta das 21 horas, uma opera\u00e7\u00e3o da Pol\u00edcia Rodovi\u00e1ria Federal (PRF) resultou na apreens\u00e3o de mais de 200 celulares contrabandeados do Paraguai. A a\u00e7\u00e3o ocorreu no entroncamento da Rodovia Raposo Tavares com a BR 153.<\/p>\n\n\n\n<p>Os agentes da PRF abordaram um ve\u00edculo VW\/T-Cross, conduzido por uma mulher de 41 anos, acompanhada de um passageiro de 62 anos. Durante a fiscaliza\u00e7\u00e3o, o passageiro revelou que ambos vinham de Foz do Igua\u00e7u\/PR, onde buscaram os celulares para entregar na capital paulista.<\/p>\n\n\n\n<p>Os policiais solicitaram que a motorista abrisse o porta-malas do carro. Ao abrir, descobriram uma grande quantidade de celulares escondidos dentro de bolsas e sob o carpete do porta-malas. Questionados sobre a proced\u00eancia dos aparelhos, os ocupantes do ve\u00edculo admitiram que n\u00e3o possu\u00edam nota fiscal nem comprova\u00e7\u00e3o de libera\u00e7\u00e3o aduaneira. Eles explicaram que estavam apenas realizando o frete e receberiam cerca de 13% do valor da mercadoria, avaliada em aproximadamente R$ 100.000,00.<\/p>\n\n\n\n<p>Diante das irregularidades, o ve\u00edculo, os ocupantes e a mercadoria foram encaminhados \u00e0 Pol\u00edcia Federal de Mar\u00edlia para os procedimentos legais. A apreens\u00e3o destaca a cont\u00ednua vigil\u00e2ncia e atua\u00e7\u00e3o da PRF no combate ao contrabando e \u00e0 sonega\u00e7\u00e3o fiscal, protegendo o mercado nacional de pr\u00e1ticas il\u00edcitas.<\/p>\n\n\n\n<h3 class=\"wp-block-heading\">Contexto do Contrabando<\/h3>\n\n\n\n<p>O contrabando de eletr\u00f4nicos, especialmente celulares, \u00e9 uma pr\u00e1tica recorrente nas fronteiras do Brasil, especialmente com o Paraguai, devido \u00e0 diferen\u00e7a de pre\u00e7os entre os pa\u00edses. A apreens\u00e3o de mercadorias sem comprova\u00e7\u00e3o fiscal e aduaneira \u00e9 uma das prioridades das autoridades para evitar a evas\u00e3o de divisas e garantir a seguran\u00e7a econ\u00f4mica.<\/p>\n\n\n\n<h3 class=\"wp-block-heading\">A\u00e7\u00e3o e Consequ\u00eancias<\/h3>\n\n\n\n<p>A opera\u00e7\u00e3o em Ourinhos \u00e9 parte das diversas a\u00e7\u00f5es realizadas pela PRF para interceptar produtos ilegais que entram no pa\u00eds sem a devida fiscaliza\u00e7\u00e3o. A apreens\u00e3o n\u00e3o apenas impede a comercializa\u00e7\u00e3o desses produtos no mercado negro, mas tamb\u00e9m serve como um alerta para os envolvidos em atividades il\u00edcitas.<\/p>\n\n\n\n<p>A PRF refor\u00e7a que continuar\u00e1 com opera\u00e7\u00f5es de fiscaliza\u00e7\u00e3o em diversas rodovias do pa\u00eds, a fim de coibir o contrabando e proteger a economia nacional. Os respons\u00e1veis pelo transporte ilegal podem enfrentar penalidades severas, incluindo a deten\u00e7\u00e3o e multas significativas.<\/p>\n\n\n\n<p>Para mais informa\u00e7\u00f5es sobre as opera\u00e7\u00f5es da PRF e como colaborar com a den\u00fancia de atividades suspeitas, acesse o site oficial da Pol\u00edcia Rodovi\u00e1ria Federal.<\/p>\n<input type=\"hidden\" id=\"baseurl\" value=\"https:\/\/noticiasregionais.com.br\"><input type=\"hidden\" id=\"audio_nonce\" value=\"533fbb67b1\">","protected":false},"excerpt":{"rendered":"<p>Na noite desta ter\u00e7a-feira (28), por volta das 21 horas, uma opera\u00e7\u00e3o da Pol\u00edcia Rodovi\u00e1ria Federal (PRF) resultou na apreens\u00e3o&hellip;<\/p>\n","protected":false},"author":1,"featured_media":3072,"comment_status":"closed","ping_status":"open","sticky":false,"template":"","format":"standard","meta":{"sfsi_plus_gutenberg_text_before_share":"","sfsi_plus_gutenberg_show_text_before_share":"","sfsi_plus_gutenberg_icon_type":"","sfsi_plus_gutenberg_icon_alignemt":"","sfsi_plus_gutenburg_max_per_row":"","footnotes":""},"categories":[5,10,1],"tags":[],"class_list":["post-3071","post","type-post","status-publish","format-standard","has-post-thumbnail","hentry","category-ourinhos","category-destaques","category-noticias"],"_links":{"self":[{"href":"https:\/\/noticiasregionais.com.br\/index.php?rest_route=\/wp\/v2\/posts\/3071","targetHints":{"allow":["GET"]}}],"collection":[{"href":"https:\/\/noticiasregionais.com.br\/index.php?rest_route=\/wp\/v2\/posts"}],"about":[{"href":"https:\/\/noticiasregionais.com.br\/index.php?rest_route=\/wp\/v2\/types\/post"}],"author":[{"embeddable":true,"href":"https:\/\/noticiasregionais.com.br\/index.php?rest_route=\/wp\/v2\/users\/1"}],"replies":[{"embeddable":true,"href":"https:\/\/noticiasregionais.com.br\/index.php?rest_route=%2Fwp%2Fv2%2Fcomments&post=3071"}],"version-history":[{"count":1,"href":"https:\/\/noticiasregionais.com.br\/index.php?rest_route=\/wp\/v2\/posts\/3071\/revisions"}],"predecessor-version":[{"id":3073,"href":"https:\/\/noticiasregionais.com.br\/index.php?rest_route=\/wp\/v2\/posts\/3071\/revisions\/3073"}],"wp:featuredmedia":[{"embeddable":true,"href":"https:\/\/noticiasregionais.com.br\/index.php?rest_route=\/wp\/v2\/media\/3072"}],"wp:attachment":[{"href":"https:\/\/noticiasregionais.com.br\/index.php?rest_route=%2Fwp%2Fv2%2Fmedia&parent=3071"}],"wp:term":[{"taxonomy":"category","embeddable":true,"href":"https:\/\/noticiasregionais.com.br\/index.php?rest_route=%2Fwp%2Fv2%2Fcategories&post=3071"},{"taxonomy":"post_tag","embeddable":true,"href":"https:\/\/noticiasregionais.com.br\/index.php?rest_route=%2Fwp%2Fv2%2Ftags&post=3071"}],"curies":[{"name":"wp","href":"https:\/\/api.w.org\/{rel}","templated":true}]}}