{"id":3088,"date":"2024-05-31T10:32:46","date_gmt":"2024-05-31T13:32:46","guid":{"rendered":"https:\/\/noticiasregionais.com.br\/?p=3088"},"modified":"2024-05-31T10:32:58","modified_gmt":"2024-05-31T13:32:58","slug":"onibus-tomba-na-br-376-entre-ortigueira-e-maua-da-serra-passageiros-sofrem-escoriacoes-leves","status":"publish","type":"post","link":"https:\/\/noticiasregionais.com.br\/?p=3088","title":{"rendered":"\u00d4nibus tomba na BR-376 entre Ortigueira e Mau\u00e1 da Serra: Passageiros sofrem escoria\u00e7\u00f5es leves"},"content":{"rendered":"\n<p>Um \u00f4nibus da Via\u00e7\u00e3o Garcia tombou na BR-376, entre Ortigueira e Mau\u00e1 da Serra, na madrugada desta quinta-feira (30), mobilizando diversas equipes de socorro. O acidente ocorreu por volta das 3h da manh\u00e3 e envolveu um ve\u00edculo que fazia a linha Maring\u00e1 x Curitiba, transportando 35 passageiros.<\/p>\n\n\n\n<p>Equipes do Servi\u00e7o de Atendimento M\u00f3vel de Urg\u00eancia (Samu), dos Bombeiros e da Pol\u00edcia Rodovi\u00e1ria Federal (PRF) foram rapidamente acionadas para prestar socorro aos ocupantes do \u00f4nibus. De acordo com informa\u00e7\u00f5es preliminares, todos os passageiros foram avaliados no local do acidente e sofreram escoria\u00e7\u00f5es e ferimentos leves pelo corpo.<\/p>\n\n\n\n<p>Duas pessoas foram levadas para o Pronto Socorro de Ortigueira devido a ferimentos moderados. Entre as v\u00edtimas com ferimentos leves est\u00e1 o motorista do \u00f4nibus, que tamb\u00e9m foi atendido no local. O teste de etil\u00f4metro realizado no motorista n\u00e3o indicou ingest\u00e3o de bebida alco\u00f3lica, descartando a possibilidade de embriaguez ao volante como causa do acidente.<\/p>\n\n\n\n<p>As autoridades seguem investigando as circunst\u00e2ncias que levaram ao tombamento do \u00f4nibus. Testemunhas relataram que o trecho da rodovia onde ocorreu o acidente \u00e9 conhecido por ser perigoso, especialmente durante a madrugada, devido \u00e0 baixa visibilidade e condi\u00e7\u00f5es do asfalto.<\/p>\n\n\n\n<p>Este acidente serve como alerta para os perigos das estradas e a necessidade de constante vigil\u00e2ncia e manuten\u00e7\u00e3o das vias para garantir a seguran\u00e7a de todos os usu\u00e1rios.<\/p>\n\n\n\n<figure class=\"wp-block-gallery has-nested-images columns-2 is-cropped wp-block-gallery-1 is-layout-flex wp-block-gallery-is-layout-flex\">\n<figure class=\"wp-block-image size-large\"><a href=\"https:\/\/noticiasregionais.com.br\/wp-content\/uploads\/2024\/05\/WhatsApp-Image-2024-05-31-at-09.21.15.jpeg\"><img decoding=\"async\" width=\"1024\" height=\"576\" data-id=\"3092\" src=\"https:\/\/noticiasregionais.com.br\/wp-content\/uploads\/2024\/05\/WhatsApp-Image-2024-05-31-at-09.21.15-1024x576.jpeg\" alt=\"\" class=\"wp-image-3092\" srcset=\"https:\/\/noticiasregionais.com.br\/wp-content\/uploads\/2024\/05\/WhatsApp-Image-2024-05-31-at-09.21.15-1024x576.jpeg 1024w, https:\/\/noticiasregionais.com.br\/wp-content\/uploads\/2024\/05\/WhatsApp-Image-2024-05-31-at-09.21.15-300x169.jpeg 300w, https:\/\/noticiasregionais.com.br\/wp-content\/uploads\/2024\/05\/WhatsApp-Image-2024-05-31-at-09.21.15-768x432.jpeg 768w, https:\/\/noticiasregionais.com.br\/wp-content\/uploads\/2024\/05\/WhatsApp-Image-2024-05-31-at-09.21.15.jpeg 1280w\" sizes=\"(max-width: 1024px) 100vw, 1024px\" \/><\/a><\/figure>\n\n\n\n<figure class=\"wp-block-image size-large\"><a href=\"https:\/\/noticiasregionais.com.br\/wp-content\/uploads\/2024\/05\/WhatsApp-Image-2024-05-31-at-09.21.14-1.jpeg\"><img decoding=\"async\" width=\"1024\" height=\"576\" data-id=\"3089\" src=\"https:\/\/noticiasregionais.com.br\/wp-content\/uploads\/2024\/05\/WhatsApp-Image-2024-05-31-at-09.21.14-1-1024x576.jpeg\" alt=\"\" class=\"wp-image-3089\" srcset=\"https:\/\/noticiasregionais.com.br\/wp-content\/uploads\/2024\/05\/WhatsApp-Image-2024-05-31-at-09.21.14-1-1024x576.jpeg 1024w, https:\/\/noticiasregionais.com.br\/wp-content\/uploads\/2024\/05\/WhatsApp-Image-2024-05-31-at-09.21.14-1-300x169.jpeg 300w, https:\/\/noticiasregionais.com.br\/wp-content\/uploads\/2024\/05\/WhatsApp-Image-2024-05-31-at-09.21.14-1-768x432.jpeg 768w, https:\/\/noticiasregionais.com.br\/wp-content\/uploads\/2024\/05\/WhatsApp-Image-2024-05-31-at-09.21.14-1-1536x864.jpeg 1536w, https:\/\/noticiasregionais.com.br\/wp-content\/uploads\/2024\/05\/WhatsApp-Image-2024-05-31-at-09.21.14-1.jpeg 1600w\" sizes=\"(max-width: 1024px) 100vw, 1024px\" \/><\/a><\/figure>\n\n\n\n<figure class=\"wp-block-image size-large\"><a href=\"https:\/\/noticiasregionais.com.br\/wp-content\/uploads\/2024\/05\/WhatsApp-Image-2024-05-31-at-09.21.13.jpeg\"><img decoding=\"async\" width=\"1024\" height=\"576\" data-id=\"3091\" src=\"https:\/\/noticiasregionais.com.br\/wp-content\/uploads\/2024\/05\/WhatsApp-Image-2024-05-31-at-09.21.13-1024x576.jpeg\" alt=\"\" class=\"wp-image-3091\" srcset=\"https:\/\/noticiasregionais.com.br\/wp-content\/uploads\/2024\/05\/WhatsApp-Image-2024-05-31-at-09.21.13-1024x576.jpeg 1024w, https:\/\/noticiasregionais.com.br\/wp-content\/uploads\/2024\/05\/WhatsApp-Image-2024-05-31-at-09.21.13-300x169.jpeg 300w, https:\/\/noticiasregionais.com.br\/wp-content\/uploads\/2024\/05\/WhatsApp-Image-2024-05-31-at-09.21.13-768x432.jpeg 768w, https:\/\/noticiasregionais.com.br\/wp-content\/uploads\/2024\/05\/WhatsApp-Image-2024-05-31-at-09.21.13.jpeg 1280w\" sizes=\"(max-width: 1024px) 100vw, 1024px\" \/><\/a><\/figure>\n<\/figure>\n<input type=\"hidden\" id=\"baseurl\" value=\"https:\/\/noticiasregionais.com.br\"><input type=\"hidden\" id=\"audio_nonce\" value=\"533fbb67b1\">","protected":false},"excerpt":{"rendered":"<p>Um \u00f4nibus da Via\u00e7\u00e3o Garcia tombou na BR-376, entre Ortigueira e Mau\u00e1 da Serra, na madrugada desta quinta-feira (30), mobilizando&hellip;<\/p>\n","protected":false},"author":1,"featured_media":3090,"comment_status":"closed","ping_status":"open","sticky":false,"template":"","format":"standard","meta":{"sfsi_plus_gutenberg_text_before_share":"","sfsi_plus_gutenberg_show_text_before_share":"","sfsi_plus_gutenberg_icon_type":"","sfsi_plus_gutenberg_icon_alignemt":"","sfsi_plus_gutenburg_max_per_row":"","footnotes":""},"categories":[7,12,1],"tags":[],"class_list":["post-3088","post","type-post","status-publish","format-standard","has-post-thumbnail","hentry","category-parana","category-capa","category-noticias"],"_links":{"self":[{"href":"https:\/\/noticiasregionais.com.br\/index.php?rest_route=\/wp\/v2\/posts\/3088","targetHints":{"allow":["GET"]}}],"collection":[{"href":"https:\/\/noticiasregionais.com.br\/index.php?rest_route=\/wp\/v2\/posts"}],"about":[{"href":"https:\/\/noticiasregionais.com.br\/index.php?rest_route=\/wp\/v2\/types\/post"}],"author":[{"embeddable":true,"href":"https:\/\/noticiasregionais.com.br\/index.php?rest_route=\/wp\/v2\/users\/1"}],"replies":[{"embeddable":true,"href":"https:\/\/noticiasregionais.com.br\/index.php?rest_route=%2Fwp%2Fv2%2Fcomments&post=3088"}],"version-history":[{"count":1,"href":"https:\/\/noticiasregionais.com.br\/index.php?rest_route=\/wp\/v2\/posts\/3088\/revisions"}],"predecessor-version":[{"id":3093,"href":"https:\/\/noticiasregionais.com.br\/index.php?rest_route=\/wp\/v2\/posts\/3088\/revisions\/3093"}],"wp:featuredmedia":[{"embeddable":true,"href":"https:\/\/noticiasregionais.com.br\/index.php?rest_route=\/wp\/v2\/media\/3090"}],"wp:attachment":[{"href":"https:\/\/noticiasregionais.com.br\/index.php?rest_route=%2Fwp%2Fv2%2Fmedia&parent=3088"}],"wp:term":[{"taxonomy":"category","embeddable":true,"href":"https:\/\/noticiasregionais.com.br\/index.php?rest_route=%2Fwp%2Fv2%2Fcategories&post=3088"},{"taxonomy":"post_tag","embeddable":true,"href":"https:\/\/noticiasregionais.com.br\/index.php?rest_route=%2Fwp%2Fv2%2Ftags&post=3088"}],"curies":[{"name":"wp","href":"https:\/\/api.w.org\/{rel}","templated":true}]}}