{"id":3102,"date":"2024-05-31T21:58:30","date_gmt":"2024-06-01T00:58:30","guid":{"rendered":"https:\/\/noticiasregionais.com.br\/?p=3102"},"modified":"2024-05-31T21:58:32","modified_gmt":"2024-06-01T00:58:32","slug":"pm-prende-dupla-por-trafico-de-drogas-em-sao-pedro-do-turvo","status":"publish","type":"post","link":"https:\/\/noticiasregionais.com.br\/?p=3102","title":{"rendered":"PM prende dupla por tr\u00e1fico de drogas em S\u00e3o Pedro do Turvo"},"content":{"rendered":"\n<p>Uma equipe da For\u00e7a T\u00e1tica do 31\u00ba BPM\/I, com o apoio da Equipe K9 do 13\u00ba BAEP, prendeu dois homens em flagrante pelos crimes de tr\u00e1fico de drogas e associa\u00e7\u00e3o para o tr\u00e1fico, na madrugada de sexta-feira (31), na Rodovia Vicinal Ant\u00f4nio Guimar\u00e3es Junior, km 11, em S\u00e3o Pedro do Turvo.<\/p>\n\n\n\n<p>Os suspeitos, Peterson O.S. (26 anos) e Vitor M.B.M.S. (21 anos), foram abordados durante uma fiscaliza\u00e7\u00e3o na Boate Copacabana Drinks. Durante a abordagem, Peterson dispensou uma por\u00e7\u00e3o de coca\u00edna (0,011 kg) e Vitor foi encontrado com um tablete de maconha.<\/p>\n\n\n\n<p>Com o aux\u00edlio do c\u00e3o farejador Draco, os policiais localizaram no quintal do estabelecimento uma sacola pl\u00e1stica contendo um tablete e 48 por\u00e7\u00f5es embaladas individualmente de maconha, totalizando 0,148 kg.<\/p>\n\n\n\n<p>Diante dos fatos, os suspeitos foram detidos e encaminhados ao Plant\u00e3o Policial de Ourinhos, onde a autoridade policial ratificou a pris\u00e3o e os recolheu ao c\u00e1rcere. Os indiciados permanecem \u00e0 disposi\u00e7\u00e3o da Justi\u00e7a.<\/p>\n<input type=\"hidden\" id=\"baseurl\" value=\"https:\/\/noticiasregionais.com.br\"><input type=\"hidden\" id=\"audio_nonce\" value=\"533fbb67b1\">","protected":false},"excerpt":{"rendered":"<p>Uma equipe da For\u00e7a T\u00e1tica do 31\u00ba BPM\/I, com o apoio da Equipe K9 do 13\u00ba BAEP, prendeu dois homens&hellip;<\/p>\n","protected":false},"author":1,"featured_media":3103,"comment_status":"closed","ping_status":"open","sticky":false,"template":"","format":"standard","meta":{"sfsi_plus_gutenberg_text_before_share":"","sfsi_plus_gutenberg_show_text_before_share":"","sfsi_plus_gutenberg_icon_type":"","sfsi_plus_gutenberg_icon_alignemt":"","sfsi_plus_gutenburg_max_per_row":"","footnotes":""},"categories":[6,10,1],"tags":[],"class_list":["post-3102","post","type-post","status-publish","format-standard","has-post-thumbnail","hentry","category-sao_paulo","category-destaques","category-noticias"],"_links":{"self":[{"href":"https:\/\/noticiasregionais.com.br\/index.php?rest_route=\/wp\/v2\/posts\/3102","targetHints":{"allow":["GET"]}}],"collection":[{"href":"https:\/\/noticiasregionais.com.br\/index.php?rest_route=\/wp\/v2\/posts"}],"about":[{"href":"https:\/\/noticiasregionais.com.br\/index.php?rest_route=\/wp\/v2\/types\/post"}],"author":[{"embeddable":true,"href":"https:\/\/noticiasregionais.com.br\/index.php?rest_route=\/wp\/v2\/users\/1"}],"replies":[{"embeddable":true,"href":"https:\/\/noticiasregionais.com.br\/index.php?rest_route=%2Fwp%2Fv2%2Fcomments&post=3102"}],"version-history":[{"count":1,"href":"https:\/\/noticiasregionais.com.br\/index.php?rest_route=\/wp\/v2\/posts\/3102\/revisions"}],"predecessor-version":[{"id":3104,"href":"https:\/\/noticiasregionais.com.br\/index.php?rest_route=\/wp\/v2\/posts\/3102\/revisions\/3104"}],"wp:featuredmedia":[{"embeddable":true,"href":"https:\/\/noticiasregionais.com.br\/index.php?rest_route=\/wp\/v2\/media\/3103"}],"wp:attachment":[{"href":"https:\/\/noticiasregionais.com.br\/index.php?rest_route=%2Fwp%2Fv2%2Fmedia&parent=3102"}],"wp:term":[{"taxonomy":"category","embeddable":true,"href":"https:\/\/noticiasregionais.com.br\/index.php?rest_route=%2Fwp%2Fv2%2Fcategories&post=3102"},{"taxonomy":"post_tag","embeddable":true,"href":"https:\/\/noticiasregionais.com.br\/index.php?rest_route=%2Fwp%2Fv2%2Ftags&post=3102"}],"curies":[{"name":"wp","href":"https:\/\/api.w.org\/{rel}","templated":true}]}}