{"id":3105,"date":"2024-06-02T09:39:07","date_gmt":"2024-06-02T12:39:07","guid":{"rendered":"https:\/\/noticiasregionais.com.br\/?p=3105"},"modified":"2024-06-02T09:39:09","modified_gmt":"2024-06-02T12:39:09","slug":"policiamento-rodoviario-prende-individuo-por-trafico-de-drogas-em-assis-sp","status":"publish","type":"post","link":"https:\/\/noticiasregionais.com.br\/?p=3105","title":{"rendered":"Policiamento rodovi\u00e1rio prende indiv\u00edduo por tr\u00e1fico de drogas em Assis-SP"},"content":{"rendered":"\n<p>Em uma a\u00e7\u00e3o contundente na manh\u00e3 desta sexta-feira, 1\u00ba de junho de 2024, a Pol\u00edcia Militar Rodovi\u00e1ria prendeu um indiv\u00edduo por tr\u00e1fico de drogas na Rodovia Raposo Tavares, em Assis, S\u00e3o Paulo. A opera\u00e7\u00e3o, denominada \u201cImpacto \/ Corpus Christi\u201d, foi realizada na altura do km 445, em frente \u00e0 Base Operacional de Assis\/SP.<\/p>\n\n\n\n<p>Durante a fiscaliza\u00e7\u00e3o, os policiais deram ordem de parada a um ve\u00edculo GM\/Celta. No entanto, o condutor desobedeceu \u00e0 ordem e empreendeu fuga pelo per\u00edmetro urbano. A persegui\u00e7\u00e3o mobilizou equipes do policiamento rodovi\u00e1rio e territorial, que localizaram o ve\u00edculo abandonado em uma \u00e1rea de mata.<\/p>\n\n\n\n<p>O suspeito tentou fugir a p\u00e9, mas foi capturado pela pol\u00edcia. Na vistoria do ve\u00edculo, foram encontrados 56 tabletes de maconha, pesando aproximadamente 50,430 kg; dois tabletes de crack, pesando cerca de 2,160 kg; e dez inv\u00f3lucros de skunk, totalizando 4,930 kg.<\/p>\n\n\n\n<p>A ocorr\u00eancia foi apresentada no Plant\u00e3o Policial de Assis\/SP, onde as drogas foram apreendidas e o indiv\u00edduo foi preso em flagrante. Posteriormente, ele foi encaminhado para a Cadeia de Lut\u00e9cia\/SP, onde permanece \u00e0 disposi\u00e7\u00e3o da justi\u00e7a.<\/p>\n\n\n\n<p>A opera\u00e7\u00e3o refor\u00e7a o compromisso da Pol\u00edcia Militar de S\u00e3o Paulo em combater o tr\u00e1fico de drogas e garantir a seguran\u00e7a nas rodovias. Este \u00e9 mais um passo importante na caminhada da institui\u00e7\u00e3o rumo aos seus 200 anos de servi\u00e7os prestados \u00e0 sociedade, com o lema: \u201cVamos todos juntos. Ningu\u00e9m fica para tr\u00e1s.\u201d<\/p>\n<input type=\"hidden\" id=\"baseurl\" value=\"https:\/\/noticiasregionais.com.br\"><input type=\"hidden\" id=\"audio_nonce\" value=\"3cdc555a10\">","protected":false},"excerpt":{"rendered":"<p>Em uma a\u00e7\u00e3o contundente na manh\u00e3 desta sexta-feira, 1\u00ba de junho de 2024, a Pol\u00edcia Militar Rodovi\u00e1ria prendeu um indiv\u00edduo&hellip;<\/p>\n","protected":false},"author":1,"featured_media":3106,"comment_status":"closed","ping_status":"open","sticky":false,"template":"","format":"standard","meta":{"sfsi_plus_gutenberg_text_before_share":"","sfsi_plus_gutenberg_show_text_before_share":"","sfsi_plus_gutenberg_icon_type":"","sfsi_plus_gutenberg_icon_alignemt":"","sfsi_plus_gutenburg_max_per_row":"","footnotes":""},"categories":[6,12,1],"tags":[],"class_list":["post-3105","post","type-post","status-publish","format-standard","has-post-thumbnail","hentry","category-sao_paulo","category-capa","category-noticias"],"_links":{"self":[{"href":"https:\/\/noticiasregionais.com.br\/index.php?rest_route=\/wp\/v2\/posts\/3105","targetHints":{"allow":["GET"]}}],"collection":[{"href":"https:\/\/noticiasregionais.com.br\/index.php?rest_route=\/wp\/v2\/posts"}],"about":[{"href":"https:\/\/noticiasregionais.com.br\/index.php?rest_route=\/wp\/v2\/types\/post"}],"author":[{"embeddable":true,"href":"https:\/\/noticiasregionais.com.br\/index.php?rest_route=\/wp\/v2\/users\/1"}],"replies":[{"embeddable":true,"href":"https:\/\/noticiasregionais.com.br\/index.php?rest_route=%2Fwp%2Fv2%2Fcomments&post=3105"}],"version-history":[{"count":1,"href":"https:\/\/noticiasregionais.com.br\/index.php?rest_route=\/wp\/v2\/posts\/3105\/revisions"}],"predecessor-version":[{"id":3107,"href":"https:\/\/noticiasregionais.com.br\/index.php?rest_route=\/wp\/v2\/posts\/3105\/revisions\/3107"}],"wp:featuredmedia":[{"embeddable":true,"href":"https:\/\/noticiasregionais.com.br\/index.php?rest_route=\/wp\/v2\/media\/3106"}],"wp:attachment":[{"href":"https:\/\/noticiasregionais.com.br\/index.php?rest_route=%2Fwp%2Fv2%2Fmedia&parent=3105"}],"wp:term":[{"taxonomy":"category","embeddable":true,"href":"https:\/\/noticiasregionais.com.br\/index.php?rest_route=%2Fwp%2Fv2%2Fcategories&post=3105"},{"taxonomy":"post_tag","embeddable":true,"href":"https:\/\/noticiasregionais.com.br\/index.php?rest_route=%2Fwp%2Fv2%2Ftags&post=3105"}],"curies":[{"name":"wp","href":"https:\/\/api.w.org\/{rel}","templated":true}]}}